{"id":2371,"date":"2015-07-09T10:10:00","date_gmt":"2015-07-09T14:10:00","guid":{"rendered":"https:\/\/reneaguirrephd.com\/es\/?p=2371"},"modified":"2022-06-20T23:53:22","modified_gmt":"2022-06-21T03:53:22","slug":"consolidan-propuesta-para-television-educativa-universitaria","status":"publish","type":"post","link":"https:\/\/reneaguirrephd.com\/es\/2015\/07\/09\/consolidan-propuesta-para-television-educativa-universitaria\/","title":{"rendered":"Consolidan propuesta para Televisi\u00f3n Educativa Universitaria"},"content":{"rendered":"\t\t<div data-elementor-type=\"wp-post\" data-elementor-id=\"2371\" class=\"elementor elementor-2371\">\n\t\t\t\t\t\t<section class=\"elementor-section elementor-top-section elementor-element elementor-element-24582e1 elementor-section-boxed elementor-section-height-default elementor-section-height-default\" data-id=\"24582e1\" data-element_type=\"section\">\n\t\t\t\t\t\t<div class=\"elementor-container elementor-column-gap-default\">\n\t\t\t\t\t<div class=\"elementor-column elementor-col-100 elementor-top-column elementor-element elementor-element-dc677af\" data-id=\"dc677af\" data-element_type=\"column\">\n\t\t\t<div class=\"elementor-widget-wrap elementor-element-populated\">\n\t\t\t\t\t\t<div class=\"elementor-element elementor-element-0d15afe elementor-widget elementor-widget-heading\" data-id=\"0d15afe\" data-element_type=\"widget\" data-widget_type=\"heading.default\">\n\t\t\t\t<div class=\"elementor-widget-container\">\n\t\t\t\t\t<h3 class=\"elementor-heading-title elementor-size-default\">Consolidan propuesta para Televisi\u00f3n Educativa Universitaria<\/h3>\t\t\t\t<\/div>\n\t\t\t\t<\/div>\n\t\t\t\t\t<\/div>\n\t\t<\/div>\n\t\t\t\t\t<\/div>\n\t\t<\/section>\n\t\t\t\t<section class=\"elementor-section elementor-top-section elementor-element elementor-element-d071ea7 elementor-section-boxed elementor-section-height-default elementor-section-height-default\" data-id=\"d071ea7\" data-element_type=\"section\">\n\t\t\t\t\t\t<div class=\"elementor-container elementor-column-gap-default\">\n\t\t\t\t\t<div class=\"elementor-column elementor-col-100 elementor-top-column elementor-element elementor-element-f4f1b98\" data-id=\"f4f1b98\" data-element_type=\"column\">\n\t\t\t<div class=\"elementor-widget-wrap elementor-element-populated\">\n\t\t\t\t\t\t<section class=\"elementor-section elementor-inner-section elementor-element elementor-element-ca342dd elementor-section-boxed elementor-section-height-default elementor-section-height-default\" data-id=\"ca342dd\" data-element_type=\"section\">\n\t\t\t\t\t\t<div class=\"elementor-container elementor-column-gap-default\">\n\t\t\t\t\t<div class=\"elementor-column elementor-col-50 elementor-inner-column elementor-element elementor-element-0221387\" data-id=\"0221387\" data-element_type=\"column\">\n\t\t\t<div class=\"elementor-widget-wrap elementor-element-populated\">\n\t\t\t\t\t\t<div class=\"elementor-element elementor-element-d8a4622 elementor-widget elementor-widget-image\" data-id=\"d8a4622\" data-element_type=\"widget\" data-widget_type=\"image.default\">\n\t\t\t\t<div class=\"elementor-widget-container\">\n\t\t\t\t\t\t\t\t\t\t\t\t\t\t\t<img fetchpriority=\"high\" decoding=\"async\" width=\"1555\" height=\"1037\" src=\"https:\/\/reneaguirrephd.com\/es\/wp-content\/uploads\/2015\/07\/Equipo-de-trabajo-Unefm-\u2013-Urbe-\u2013-Unesur-1.jpg\" class=\"attachment-full size-full wp-image-2374\" alt=\"\" srcset=\"https:\/\/reneaguirrephd.com\/es\/wp-content\/uploads\/2015\/07\/Equipo-de-trabajo-Unefm-\u2013-Urbe-\u2013-Unesur-1.jpg 1555w, https:\/\/reneaguirrephd.com\/es\/wp-content\/uploads\/2015\/07\/Equipo-de-trabajo-Unefm-\u2013-Urbe-\u2013-Unesur-1-300x200.jpg 300w, https:\/\/reneaguirrephd.com\/es\/wp-content\/uploads\/2015\/07\/Equipo-de-trabajo-Unefm-\u2013-Urbe-\u2013-Unesur-1-1024x683.jpg 1024w, https:\/\/reneaguirrephd.com\/es\/wp-content\/uploads\/2015\/07\/Equipo-de-trabajo-Unefm-\u2013-Urbe-\u2013-Unesur-1-768x512.jpg 768w, https:\/\/reneaguirrephd.com\/es\/wp-content\/uploads\/2015\/07\/Equipo-de-trabajo-Unefm-\u2013-Urbe-\u2013-Unesur-1-1536x1024.jpg 1536w\" sizes=\"(max-width: 1555px) 100vw, 1555px\" \/>\t\t\t\t\t\t\t\t\t\t\t\t\t\t\t<\/div>\n\t\t\t\t<\/div>\n\t\t\t\t\t<\/div>\n\t\t<\/div>\n\t\t\t\t<div class=\"elementor-column elementor-col-50 elementor-inner-column elementor-element elementor-element-91c0109\" data-id=\"91c0109\" data-element_type=\"column\">\n\t\t\t<div class=\"elementor-widget-wrap elementor-element-populated\">\n\t\t\t\t\t\t<div class=\"elementor-element elementor-element-7c0aa86 elementor-widget elementor-widget-text-editor\" data-id=\"7c0aa86\" data-element_type=\"widget\" data-widget_type=\"text-editor.default\">\n\t\t\t\t<div class=\"elementor-widget-container\">\n\t\t\t\t\t\t\t\t\t<div>A solicitud del Ministerio del Poder Popular para la Educaci\u00f3n Universitaria, Ciencia y Tecnolog\u00eda, Mppeuct, la Universidad Privada \u201cRafael Belloso Chac\u00edn\u201d, Urbe, del estado Zulia y la Universidad Nacional Experimental \u201cFrancisco de Miranda\u201d, Unefm, del estado Falc\u00f3n se unen en pro de tres grandes proyectos de fortalecimiento para ambas regiones venezolanas.<\/div><div>\u00a0<\/div><div>En este sentido, explic\u00f3 Adolfo Bremo, Vicerrector Acad\u00e9mico de la Unefm, que se trata de un trabajo mancomunado para el lanzamiento de lo que ser\u00e1 la Televisora Educativa Universitaria a trav\u00e9s de televisi\u00f3n digital abierta (TDA), asimismo, se abord\u00f3 el tema de la educaci\u00f3n a distancia, analizando y dise\u00f1ando los modelos para implementar programas a distancia y con el uso de las nuevas Tecnolog\u00edas de Comunicaci\u00f3n e Informaci\u00f3n; y un tercer proyecto es la puesta en marcha de la carrera Ingenier\u00eda Biom\u00e9dica en la Urbe, convertida incluso en un Programa Nacional de Formaci\u00f3n, PNF.<\/div>\t\t\t\t\t\t\t\t<\/div>\n\t\t\t\t<\/div>\n\t\t\t\t\t<\/div>\n\t\t<\/div>\n\t\t\t\t\t<\/div>\n\t\t<\/section>\n\t\t\t\t\t<\/div>\n\t\t<\/div>\n\t\t\t\t\t<\/div>\n\t\t<\/section>\n\t\t\t\t<section class=\"elementor-section elementor-top-section elementor-element elementor-element-124daec elementor-section-boxed elementor-section-height-default elementor-section-height-default\" data-id=\"124daec\" data-element_type=\"section\">\n\t\t\t\t\t\t<div class=\"elementor-container elementor-column-gap-default\">\n\t\t\t\t\t<div class=\"elementor-column elementor-col-100 elementor-top-column elementor-element elementor-element-7ef4d92\" data-id=\"7ef4d92\" data-element_type=\"column\">\n\t\t\t<div class=\"elementor-widget-wrap elementor-element-populated\">\n\t\t\t\t\t\t<div class=\"elementor-element elementor-element-02d51ed elementor-widget elementor-widget-text-editor\" data-id=\"02d51ed\" data-element_type=\"widget\" data-widget_type=\"text-editor.default\">\n\t\t\t\t<div class=\"elementor-widget-container\">\n\t\t\t\t\t\t\t\t\t<h4>Leer M\u00e1s:<\/h4><div>\u00a0<\/div><div><strong>Prensa UNEFM:<\/strong><\/div><div><a style=\"color: #020f78;\" href=\"http:\/\/prensaunefm.blogspot.com\/2015\/07\/consolidan-propuesta-para-television.html?m=1\" target=\"_blank\" rel=\"noopener\">http:\/\/prensaunefm.blogspot.com\/2015\/07\/consolidan-propuesta-para-television.html?m=1<\/a><\/div>\t\t\t\t\t\t\t\t<\/div>\n\t\t\t\t<\/div>\n\t\t\t\t\t<\/div>\n\t\t<\/div>\n\t\t\t\t\t<\/div>\n\t\t<\/section>\n\t\t\t\t<\/div>\n\t\t","protected":false},"excerpt":{"rendered":"<p>Consolidan propuesta para Televisi\u00f3n Educativa Universitaria A solicitud del Ministerio del Poder Popular para la Educaci\u00f3n Universitaria, Ciencia y Tecnolog\u00eda, Mppeuct, la Universidad Privada \u201cRafael Belloso Chac\u00edn\u201d, Urbe, del estado Zulia y la Universidad Nacional Experimental \u201cFrancisco de Miranda\u201d, Unefm, del estado Falc\u00f3n se unen en pro de tres grandes proyectos de fortalecimiento para ambas [&hellip;]<\/p>\n","protected":false},"author":1,"featured_media":2374,"comment_status":"open","ping_status":"open","sticky":false,"template":"","format":"standard","meta":{"footnotes":""},"categories":[31],"tags":[],"class_list":["post-2371","post","type-post","status-publish","format-standard","has-post-thumbnail","hentry","category-prensa"],"yoast_head":"<!-- This site is optimized with the Yoast SEO Premium plugin v20.6 (Yoast SEO v25.6) - https:\/\/yoast.com\/wordpress\/plugins\/seo\/ -->\n<title>Consolidan propuesta para Televisi\u00f3n Educativa Universitaria - Rene Aguirre, PhD<\/title>\n<meta name=\"robots\" content=\"index, follow, max-snippet:-1, max-image-preview:large, max-video-preview:-1\" \/>\n<link rel=\"canonical\" href=\"https:\/\/reneaguirrephd.com\/es\/2015\/07\/09\/consolidan-propuesta-para-television-educativa-universitaria\/\" \/>\n<meta property=\"og:locale\" content=\"es_ES\" \/>\n<meta property=\"og:type\" content=\"article\" \/>\n<meta property=\"og:title\" content=\"Consolidan propuesta para Televisi\u00f3n Educativa Universitaria\" \/>\n<meta property=\"og:description\" content=\"Consolidan propuesta para Televisi\u00f3n Educativa Universitaria A solicitud del Ministerio del Poder Popular para la Educaci\u00f3n Universitaria, Ciencia y Tecnolog\u00eda, Mppeuct, la Universidad Privada \u201cRafael Belloso Chac\u00edn\u201d, Urbe, del estado Zulia y la Universidad Nacional Experimental \u201cFrancisco de Miranda\u201d, Unefm, del estado Falc\u00f3n se unen en pro de tres grandes proyectos de fortalecimiento para ambas [&hellip;]\" \/>\n<meta property=\"og:url\" content=\"https:\/\/reneaguirrephd.com\/es\/2015\/07\/09\/consolidan-propuesta-para-television-educativa-universitaria\/\" \/>\n<meta property=\"og:site_name\" content=\"Rene Aguirre, PhD\" \/>\n<meta property=\"article:published_time\" content=\"2015-07-09T14:10:00+00:00\" \/>\n<meta property=\"article:modified_time\" content=\"2022-06-21T03:53:22+00:00\" \/>\n<meta property=\"og:image\" content=\"https:\/\/reneaguirrephd.com\/es\/wp-content\/uploads\/2015\/07\/Equipo-de-trabajo-Unefm-\u2013-Urbe-\u2013-Unesur-1.jpg\" \/>\n\t<meta property=\"og:image:width\" content=\"1555\" \/>\n\t<meta property=\"og:image:height\" content=\"1037\" \/>\n\t<meta property=\"og:image:type\" content=\"image\/jpeg\" \/>\n<meta name=\"author\" content=\"Ren\u00e9 Aguirre, PhD\" \/>\n<meta name=\"twitter:card\" content=\"summary_large_image\" \/>\n<meta name=\"twitter:label1\" content=\"Escrito por\" \/>\n\t<meta name=\"twitter:data1\" content=\"Ren\u00e9 Aguirre, PhD\" \/>\n\t<meta name=\"twitter:label2\" content=\"Tiempo estimado de lectura\" \/>\n\t<meta name=\"twitter:data2\" content=\"1 minuto\" \/>\n<script type=\"application\/ld+json\" class=\"yoast-schema-graph\">{\"@context\":\"https:\/\/schema.org\",\"@graph\":[{\"@type\":\"Article\",\"@id\":\"https:\/\/reneaguirrephd.com\/es\/2015\/07\/09\/consolidan-propuesta-para-television-educativa-universitaria\/#article\",\"isPartOf\":{\"@id\":\"https:\/\/reneaguirrephd.com\/es\/2015\/07\/09\/consolidan-propuesta-para-television-educativa-universitaria\/\"},\"author\":{\"name\":\"Ren\u00e9 Aguirre, PhD\",\"@id\":\"https:\/\/reneaguirrephd.com\/es\/#\/schema\/person\/c152e72f8b632e25cc4213a2639a52ba\"},\"headline\":\"Consolidan propuesta para Televisi\u00f3n Educativa Universitaria\",\"datePublished\":\"2015-07-09T14:10:00+00:00\",\"dateModified\":\"2022-06-21T03:53:22+00:00\",\"mainEntityOfPage\":{\"@id\":\"https:\/\/reneaguirrephd.com\/es\/2015\/07\/09\/consolidan-propuesta-para-television-educativa-universitaria\/\"},\"wordCount\":186,\"commentCount\":0,\"publisher\":{\"@id\":\"https:\/\/reneaguirrephd.com\/es\/#organization\"},\"image\":{\"@id\":\"https:\/\/reneaguirrephd.com\/es\/2015\/07\/09\/consolidan-propuesta-para-television-educativa-universitaria\/#primaryimage\"},\"thumbnailUrl\":\"https:\/\/reneaguirrephd.com\/es\/wp-content\/uploads\/2015\/07\/Equipo-de-trabajo-Unefm-\u2013-Urbe-\u2013-Unesur-1.jpg\",\"articleSection\":[\"Prensa\"],\"inLanguage\":\"es\",\"potentialAction\":[{\"@type\":\"CommentAction\",\"name\":\"Comment\",\"target\":[\"https:\/\/reneaguirrephd.com\/es\/2015\/07\/09\/consolidan-propuesta-para-television-educativa-universitaria\/#respond\"]}]},{\"@type\":\"WebPage\",\"@id\":\"https:\/\/reneaguirrephd.com\/es\/2015\/07\/09\/consolidan-propuesta-para-television-educativa-universitaria\/\",\"url\":\"https:\/\/reneaguirrephd.com\/es\/2015\/07\/09\/consolidan-propuesta-para-television-educativa-universitaria\/\",\"name\":\"Consolidan propuesta para Televisi\u00f3n Educativa Universitaria - Rene Aguirre, PhD\",\"isPartOf\":{\"@id\":\"https:\/\/reneaguirrephd.com\/es\/#website\"},\"primaryImageOfPage\":{\"@id\":\"https:\/\/reneaguirrephd.com\/es\/2015\/07\/09\/consolidan-propuesta-para-television-educativa-universitaria\/#primaryimage\"},\"image\":{\"@id\":\"https:\/\/reneaguirrephd.com\/es\/2015\/07\/09\/consolidan-propuesta-para-television-educativa-universitaria\/#primaryimage\"},\"thumbnailUrl\":\"https:\/\/reneaguirrephd.com\/es\/wp-content\/uploads\/2015\/07\/Equipo-de-trabajo-Unefm-\u2013-Urbe-\u2013-Unesur-1.jpg\",\"datePublished\":\"2015-07-09T14:10:00+00:00\",\"dateModified\":\"2022-06-21T03:53:22+00:00\",\"breadcrumb\":{\"@id\":\"https:\/\/reneaguirrephd.com\/es\/2015\/07\/09\/consolidan-propuesta-para-television-educativa-universitaria\/#breadcrumb\"},\"inLanguage\":\"es\",\"potentialAction\":[{\"@type\":\"ReadAction\",\"target\":[\"https:\/\/reneaguirrephd.com\/es\/2015\/07\/09\/consolidan-propuesta-para-television-educativa-universitaria\/\"]}]},{\"@type\":\"ImageObject\",\"inLanguage\":\"es\",\"@id\":\"https:\/\/reneaguirrephd.com\/es\/2015\/07\/09\/consolidan-propuesta-para-television-educativa-universitaria\/#primaryimage\",\"url\":\"https:\/\/reneaguirrephd.com\/es\/wp-content\/uploads\/2015\/07\/Equipo-de-trabajo-Unefm-\u2013-Urbe-\u2013-Unesur-1.jpg\",\"contentUrl\":\"https:\/\/reneaguirrephd.com\/es\/wp-content\/uploads\/2015\/07\/Equipo-de-trabajo-Unefm-\u2013-Urbe-\u2013-Unesur-1.jpg\",\"width\":1555,\"height\":1037},{\"@type\":\"BreadcrumbList\",\"@id\":\"https:\/\/reneaguirrephd.com\/es\/2015\/07\/09\/consolidan-propuesta-para-television-educativa-universitaria\/#breadcrumb\",\"itemListElement\":[{\"@type\":\"ListItem\",\"position\":1,\"name\":\"Portada\",\"item\":\"https:\/\/reneaguirrephd.com\/es\/\"},{\"@type\":\"ListItem\",\"position\":2,\"name\":\"Consolidan propuesta para Televisi\u00f3n Educativa Universitaria\"}]},{\"@type\":\"WebSite\",\"@id\":\"https:\/\/reneaguirrephd.com\/es\/#website\",\"url\":\"https:\/\/reneaguirrephd.com\/es\/\",\"name\":\"Rene Aguirre, PhD\",\"description\":\"\",\"publisher\":{\"@id\":\"https:\/\/reneaguirrephd.com\/es\/#organization\"},\"potentialAction\":[{\"@type\":\"SearchAction\",\"target\":{\"@type\":\"EntryPoint\",\"urlTemplate\":\"https:\/\/reneaguirrephd.com\/es\/?s={search_term_string}\"},\"query-input\":{\"@type\":\"PropertyValueSpecification\",\"valueRequired\":true,\"valueName\":\"search_term_string\"}}],\"inLanguage\":\"es\"},{\"@type\":\"Organization\",\"@id\":\"https:\/\/reneaguirrephd.com\/es\/#organization\",\"name\":\"Rene Aguirre, PhD\",\"url\":\"https:\/\/reneaguirrephd.com\/es\/\",\"logo\":{\"@type\":\"ImageObject\",\"inLanguage\":\"es\",\"@id\":\"https:\/\/reneaguirrephd.com\/es\/#\/schema\/logo\/image\/\",\"url\":\"https:\/\/reneaguirrephd.com\/es\/wp-content\/uploads\/2022\/01\/logo.png\",\"contentUrl\":\"https:\/\/reneaguirrephd.com\/es\/wp-content\/uploads\/2022\/01\/logo.png\",\"width\":180,\"height\":172,\"caption\":\"Rene Aguirre, PhD\"},\"image\":{\"@id\":\"https:\/\/reneaguirrephd.com\/es\/#\/schema\/logo\/image\/\"}},{\"@type\":\"Person\",\"@id\":\"https:\/\/reneaguirrephd.com\/es\/#\/schema\/person\/c152e72f8b632e25cc4213a2639a52ba\",\"name\":\"Ren\u00e9 Aguirre, PhD\",\"image\":{\"@type\":\"ImageObject\",\"inLanguage\":\"es\",\"@id\":\"https:\/\/reneaguirrephd.com\/es\/#\/schema\/person\/image\/\",\"url\":\"https:\/\/secure.gravatar.com\/avatar\/b9eb26e4a29c146eaa6ee20087a0f855bab1b327daeedcdad012600256bcfae3?s=96&d=mm&r=g\",\"contentUrl\":\"https:\/\/secure.gravatar.com\/avatar\/b9eb26e4a29c146eaa6ee20087a0f855bab1b327daeedcdad012600256bcfae3?s=96&d=mm&r=g\",\"caption\":\"Ren\u00e9 Aguirre, PhD\"},\"sameAs\":[\"https:\/\/reneaguirrephd.com\/es\"],\"url\":\"https:\/\/reneaguirrephd.com\/es\/author\/admin\/\"}]}<\/script>\n<!-- \/ Yoast SEO Premium plugin. -->","yoast_head_json":{"title":"Consolidan propuesta para Televisi\u00f3n Educativa Universitaria - Rene Aguirre, PhD","robots":{"index":"index","follow":"follow","max-snippet":"max-snippet:-1","max-image-preview":"max-image-preview:large","max-video-preview":"max-video-preview:-1"},"canonical":"https:\/\/reneaguirrephd.com\/es\/2015\/07\/09\/consolidan-propuesta-para-television-educativa-universitaria\/","og_locale":"es_ES","og_type":"article","og_title":"Consolidan propuesta para Televisi\u00f3n Educativa Universitaria","og_description":"Consolidan propuesta para Televisi\u00f3n Educativa Universitaria A solicitud del Ministerio del Poder Popular para la Educaci\u00f3n Universitaria, Ciencia y Tecnolog\u00eda, Mppeuct, la Universidad Privada \u201cRafael Belloso Chac\u00edn\u201d, Urbe, del estado Zulia y la Universidad Nacional Experimental \u201cFrancisco de Miranda\u201d, Unefm, del estado Falc\u00f3n se unen en pro de tres grandes proyectos de fortalecimiento para ambas [&hellip;]","og_url":"https:\/\/reneaguirrephd.com\/es\/2015\/07\/09\/consolidan-propuesta-para-television-educativa-universitaria\/","og_site_name":"Rene Aguirre, PhD","article_published_time":"2015-07-09T14:10:00+00:00","article_modified_time":"2022-06-21T03:53:22+00:00","og_image":[{"width":1555,"height":1037,"url":"https:\/\/reneaguirrephd.com\/es\/wp-content\/uploads\/2015\/07\/Equipo-de-trabajo-Unefm-\u2013-Urbe-\u2013-Unesur-1.jpg","type":"image\/jpeg"}],"author":"Ren\u00e9 Aguirre, PhD","twitter_card":"summary_large_image","twitter_misc":{"Escrito por":"Ren\u00e9 Aguirre, PhD","Tiempo estimado de lectura":"1 minuto"},"schema":{"@context":"https:\/\/schema.org","@graph":[{"@type":"Article","@id":"https:\/\/reneaguirrephd.com\/es\/2015\/07\/09\/consolidan-propuesta-para-television-educativa-universitaria\/#article","isPartOf":{"@id":"https:\/\/reneaguirrephd.com\/es\/2015\/07\/09\/consolidan-propuesta-para-television-educativa-universitaria\/"},"author":{"name":"Ren\u00e9 Aguirre, PhD","@id":"https:\/\/reneaguirrephd.com\/es\/#\/schema\/person\/c152e72f8b632e25cc4213a2639a52ba"},"headline":"Consolidan propuesta para Televisi\u00f3n Educativa Universitaria","datePublished":"2015-07-09T14:10:00+00:00","dateModified":"2022-06-21T03:53:22+00:00","mainEntityOfPage":{"@id":"https:\/\/reneaguirrephd.com\/es\/2015\/07\/09\/consolidan-propuesta-para-television-educativa-universitaria\/"},"wordCount":186,"commentCount":0,"publisher":{"@id":"https:\/\/reneaguirrephd.com\/es\/#organization"},"image":{"@id":"https:\/\/reneaguirrephd.com\/es\/2015\/07\/09\/consolidan-propuesta-para-television-educativa-universitaria\/#primaryimage"},"thumbnailUrl":"https:\/\/reneaguirrephd.com\/es\/wp-content\/uploads\/2015\/07\/Equipo-de-trabajo-Unefm-\u2013-Urbe-\u2013-Unesur-1.jpg","articleSection":["Prensa"],"inLanguage":"es","potentialAction":[{"@type":"CommentAction","name":"Comment","target":["https:\/\/reneaguirrephd.com\/es\/2015\/07\/09\/consolidan-propuesta-para-television-educativa-universitaria\/#respond"]}]},{"@type":"WebPage","@id":"https:\/\/reneaguirrephd.com\/es\/2015\/07\/09\/consolidan-propuesta-para-television-educativa-universitaria\/","url":"https:\/\/reneaguirrephd.com\/es\/2015\/07\/09\/consolidan-propuesta-para-television-educativa-universitaria\/","name":"Consolidan propuesta para Televisi\u00f3n Educativa Universitaria - Rene Aguirre, PhD","isPartOf":{"@id":"https:\/\/reneaguirrephd.com\/es\/#website"},"primaryImageOfPage":{"@id":"https:\/\/reneaguirrephd.com\/es\/2015\/07\/09\/consolidan-propuesta-para-television-educativa-universitaria\/#primaryimage"},"image":{"@id":"https:\/\/reneaguirrephd.com\/es\/2015\/07\/09\/consolidan-propuesta-para-television-educativa-universitaria\/#primaryimage"},"thumbnailUrl":"https:\/\/reneaguirrephd.com\/es\/wp-content\/uploads\/2015\/07\/Equipo-de-trabajo-Unefm-\u2013-Urbe-\u2013-Unesur-1.jpg","datePublished":"2015-07-09T14:10:00+00:00","dateModified":"2022-06-21T03:53:22+00:00","breadcrumb":{"@id":"https:\/\/reneaguirrephd.com\/es\/2015\/07\/09\/consolidan-propuesta-para-television-educativa-universitaria\/#breadcrumb"},"inLanguage":"es","potentialAction":[{"@type":"ReadAction","target":["https:\/\/reneaguirrephd.com\/es\/2015\/07\/09\/consolidan-propuesta-para-television-educativa-universitaria\/"]}]},{"@type":"ImageObject","inLanguage":"es","@id":"https:\/\/reneaguirrephd.com\/es\/2015\/07\/09\/consolidan-propuesta-para-television-educativa-universitaria\/#primaryimage","url":"https:\/\/reneaguirrephd.com\/es\/wp-content\/uploads\/2015\/07\/Equipo-de-trabajo-Unefm-\u2013-Urbe-\u2013-Unesur-1.jpg","contentUrl":"https:\/\/reneaguirrephd.com\/es\/wp-content\/uploads\/2015\/07\/Equipo-de-trabajo-Unefm-\u2013-Urbe-\u2013-Unesur-1.jpg","width":1555,"height":1037},{"@type":"BreadcrumbList","@id":"https:\/\/reneaguirrephd.com\/es\/2015\/07\/09\/consolidan-propuesta-para-television-educativa-universitaria\/#breadcrumb","itemListElement":[{"@type":"ListItem","position":1,"name":"Portada","item":"https:\/\/reneaguirrephd.com\/es\/"},{"@type":"ListItem","position":2,"name":"Consolidan propuesta para Televisi\u00f3n Educativa Universitaria"}]},{"@type":"WebSite","@id":"https:\/\/reneaguirrephd.com\/es\/#website","url":"https:\/\/reneaguirrephd.com\/es\/","name":"Rene Aguirre, PhD","description":"","publisher":{"@id":"https:\/\/reneaguirrephd.com\/es\/#organization"},"potentialAction":[{"@type":"SearchAction","target":{"@type":"EntryPoint","urlTemplate":"https:\/\/reneaguirrephd.com\/es\/?s={search_term_string}"},"query-input":{"@type":"PropertyValueSpecification","valueRequired":true,"valueName":"search_term_string"}}],"inLanguage":"es"},{"@type":"Organization","@id":"https:\/\/reneaguirrephd.com\/es\/#organization","name":"Rene Aguirre, PhD","url":"https:\/\/reneaguirrephd.com\/es\/","logo":{"@type":"ImageObject","inLanguage":"es","@id":"https:\/\/reneaguirrephd.com\/es\/#\/schema\/logo\/image\/","url":"https:\/\/reneaguirrephd.com\/es\/wp-content\/uploads\/2022\/01\/logo.png","contentUrl":"https:\/\/reneaguirrephd.com\/es\/wp-content\/uploads\/2022\/01\/logo.png","width":180,"height":172,"caption":"Rene Aguirre, PhD"},"image":{"@id":"https:\/\/reneaguirrephd.com\/es\/#\/schema\/logo\/image\/"}},{"@type":"Person","@id":"https:\/\/reneaguirrephd.com\/es\/#\/schema\/person\/c152e72f8b632e25cc4213a2639a52ba","name":"Ren\u00e9 Aguirre, PhD","image":{"@type":"ImageObject","inLanguage":"es","@id":"https:\/\/reneaguirrephd.com\/es\/#\/schema\/person\/image\/","url":"https:\/\/secure.gravatar.com\/avatar\/b9eb26e4a29c146eaa6ee20087a0f855bab1b327daeedcdad012600256bcfae3?s=96&d=mm&r=g","contentUrl":"https:\/\/secure.gravatar.com\/avatar\/b9eb26e4a29c146eaa6ee20087a0f855bab1b327daeedcdad012600256bcfae3?s=96&d=mm&r=g","caption":"Ren\u00e9 Aguirre, PhD"},"sameAs":["https:\/\/reneaguirrephd.com\/es"],"url":"https:\/\/reneaguirrephd.com\/es\/author\/admin\/"}]}},"_links":{"self":[{"href":"https:\/\/reneaguirrephd.com\/es\/wp-json\/wp\/v2\/posts\/2371","targetHints":{"allow":["GET"]}}],"collection":[{"href":"https:\/\/reneaguirrephd.com\/es\/wp-json\/wp\/v2\/posts"}],"about":[{"href":"https:\/\/reneaguirrephd.com\/es\/wp-json\/wp\/v2\/types\/post"}],"author":[{"embeddable":true,"href":"https:\/\/reneaguirrephd.com\/es\/wp-json\/wp\/v2\/users\/1"}],"replies":[{"embeddable":true,"href":"https:\/\/reneaguirrephd.com\/es\/wp-json\/wp\/v2\/comments?post=2371"}],"version-history":[{"count":7,"href":"https:\/\/reneaguirrephd.com\/es\/wp-json\/wp\/v2\/posts\/2371\/revisions"}],"predecessor-version":[{"id":2380,"href":"https:\/\/reneaguirrephd.com\/es\/wp-json\/wp\/v2\/posts\/2371\/revisions\/2380"}],"wp:featuredmedia":[{"embeddable":true,"href":"https:\/\/reneaguirrephd.com\/es\/wp-json\/wp\/v2\/media\/2374"}],"wp:attachment":[{"href":"https:\/\/reneaguirrephd.com\/es\/wp-json\/wp\/v2\/media?parent=2371"}],"wp:term":[{"taxonomy":"category","embeddable":true,"href":"https:\/\/reneaguirrephd.com\/es\/wp-json\/wp\/v2\/categories?post=2371"},{"taxonomy":"post_tag","embeddable":true,"href":"https:\/\/reneaguirrephd.com\/es\/wp-json\/wp\/v2\/tags?post=2371"}],"curies":[{"name":"wp","href":"https:\/\/api.w.org\/{rel}","templated":true}]}}