{"id":2353,"date":"2015-05-18T10:10:00","date_gmt":"2015-05-18T14:10:00","guid":{"rendered":"https:\/\/reneaguirrephd.com\/es\/?p=2353"},"modified":"2022-06-20T23:34:37","modified_gmt":"2022-06-21T03:34:37","slug":"deficit-presupuestario-afecta-a-universidades-publicas-y-privadas","status":"publish","type":"post","link":"https:\/\/reneaguirrephd.com\/es\/2015\/05\/18\/deficit-presupuestario-afecta-a-universidades-publicas-y-privadas\/","title":{"rendered":"D\u00e9ficit presupuestario afecta a universidades p\u00fablicas y privadas"},"content":{"rendered":"\t\t<div data-elementor-type=\"wp-post\" data-elementor-id=\"2353\" class=\"elementor elementor-2353\">\n\t\t\t\t\t\t<section class=\"elementor-section elementor-top-section elementor-element elementor-element-5de4372 elementor-section-boxed elementor-section-height-default elementor-section-height-default\" data-id=\"5de4372\" data-element_type=\"section\">\n\t\t\t\t\t\t<div class=\"elementor-container elementor-column-gap-default\">\n\t\t\t\t\t<div class=\"elementor-column elementor-col-100 elementor-top-column elementor-element elementor-element-db641fd\" data-id=\"db641fd\" data-element_type=\"column\">\n\t\t\t<div class=\"elementor-widget-wrap elementor-element-populated\">\n\t\t\t\t\t\t<div class=\"elementor-element elementor-element-0209590 elementor-widget elementor-widget-heading\" data-id=\"0209590\" data-element_type=\"widget\" data-widget_type=\"heading.default\">\n\t\t\t\t<div class=\"elementor-widget-container\">\n\t\t\t\t\t<h3 class=\"elementor-heading-title elementor-size-default\">D\u00e9ficit presupuestario afecta a universidades p\u00fablicas y privadas<\/h3>\t\t\t\t<\/div>\n\t\t\t\t<\/div>\n\t\t\t\t\t<\/div>\n\t\t<\/div>\n\t\t\t\t\t<\/div>\n\t\t<\/section>\n\t\t\t\t<section class=\"elementor-section elementor-top-section elementor-element elementor-element-1fedc78 elementor-section-boxed elementor-section-height-default elementor-section-height-default\" data-id=\"1fedc78\" data-element_type=\"section\">\n\t\t\t\t\t\t<div class=\"elementor-container elementor-column-gap-default\">\n\t\t\t\t\t<div class=\"elementor-column elementor-col-100 elementor-top-column elementor-element elementor-element-9adafeb\" data-id=\"9adafeb\" data-element_type=\"column\">\n\t\t\t<div class=\"elementor-widget-wrap elementor-element-populated\">\n\t\t\t\t\t\t<section class=\"elementor-section elementor-inner-section elementor-element elementor-element-832a2e0 elementor-section-boxed elementor-section-height-default elementor-section-height-default\" data-id=\"832a2e0\" data-element_type=\"section\">\n\t\t\t\t\t\t<div class=\"elementor-container elementor-column-gap-default\">\n\t\t\t\t\t<div class=\"elementor-column elementor-col-50 elementor-inner-column elementor-element elementor-element-b13ee95\" data-id=\"b13ee95\" data-element_type=\"column\">\n\t\t\t<div class=\"elementor-widget-wrap elementor-element-populated\">\n\t\t\t\t\t\t<div class=\"elementor-element elementor-element-b3f4fd0 elementor-widget elementor-widget-image\" data-id=\"b3f4fd0\" data-element_type=\"widget\" data-widget_type=\"image.default\">\n\t\t\t\t<div class=\"elementor-widget-container\">\n\t\t\t\t\t\t\t\t\t\t\t\t\t\t\t<img fetchpriority=\"high\" decoding=\"async\" width=\"640\" height=\"425\" src=\"https:\/\/reneaguirrephd.com\/es\/wp-content\/uploads\/2015\/05\/12.jpg\" class=\"attachment-full size-full wp-image-2358\" alt=\"\" srcset=\"https:\/\/reneaguirrephd.com\/es\/wp-content\/uploads\/2015\/05\/12.jpg 640w, https:\/\/reneaguirrephd.com\/es\/wp-content\/uploads\/2015\/05\/12-300x199.jpg 300w\" sizes=\"(max-width: 640px) 100vw, 640px\" \/>\t\t\t\t\t\t\t\t\t\t\t\t\t\t\t<\/div>\n\t\t\t\t<\/div>\n\t\t\t\t\t<\/div>\n\t\t<\/div>\n\t\t\t\t<div class=\"elementor-column elementor-col-50 elementor-inner-column elementor-element elementor-element-0fca5a1\" data-id=\"0fca5a1\" data-element_type=\"column\">\n\t\t\t<div class=\"elementor-widget-wrap elementor-element-populated\">\n\t\t\t\t\t\t<div class=\"elementor-element elementor-element-0a169f6 elementor-widget elementor-widget-text-editor\" data-id=\"0a169f6\" data-element_type=\"widget\" data-widget_type=\"text-editor.default\">\n\t\t\t\t<div class=\"elementor-widget-container\">\n\t\t\t\t\t\t\t\t\t<p>Durante el desarrollo de la primera reuni\u00f3n ordinaria del N\u00facleo de Vicerrectores Acad\u00e9micos, que se llev\u00f3 a cabo en la USB Sede del Litoral, el jueves 14 de mayo, el profesor Ren\u00e9 Aguirre, vicerrector Acad\u00e9mico de la Universidad Rafael Belloso Chac\u00edn de Maracaibo, ofreci\u00f3 un informe en el que dio a conocer la situaci\u00f3n presupuestaria, relativa al impacto del d\u00e9ficit presupuestario en las universidades en el \u00e1mbito privado y su incidencia en las funciones acad\u00e9micas de investigaci\u00f3n, extensi\u00f3n, docencia, pregrado y postgrado y servicio comunitario, con base en las fuentes de financiamiento de la instituci\u00f3n y la nueva estructura presupuestaria.<\/p><p>El profesor Aguirre se\u00f1al\u00f3 que la realidad presupuestaria de las universidades venezolanas ya sean \u00a0p\u00fablicas, experimentales o privadas, se muestran muy parecidas.<\/p>\t\t\t\t\t\t\t\t<\/div>\n\t\t\t\t<\/div>\n\t\t\t\t\t<\/div>\n\t\t<\/div>\n\t\t\t\t\t<\/div>\n\t\t<\/section>\n\t\t\t\t\t<\/div>\n\t\t<\/div>\n\t\t\t\t\t<\/div>\n\t\t<\/section>\n\t\t\t\t<section class=\"elementor-section elementor-top-section elementor-element elementor-element-206ece5 elementor-section-boxed elementor-section-height-default elementor-section-height-default\" data-id=\"206ece5\" data-element_type=\"section\">\n\t\t\t\t\t\t<div class=\"elementor-container elementor-column-gap-default\">\n\t\t\t\t\t<div class=\"elementor-column elementor-col-100 elementor-top-column elementor-element elementor-element-5ce3de6\" data-id=\"5ce3de6\" data-element_type=\"column\">\n\t\t\t<div class=\"elementor-widget-wrap elementor-element-populated\">\n\t\t\t\t\t\t<div class=\"elementor-element elementor-element-79cf620 elementor-widget elementor-widget-text-editor\" data-id=\"79cf620\" data-element_type=\"widget\" data-widget_type=\"text-editor.default\">\n\t\t\t\t<div class=\"elementor-widget-container\">\n\t\t\t\t\t\t\t\t\t<h4>Leer M\u00e1s:<\/h4><div>\u00a0<\/div><div><strong>USB Noticias:<\/strong><\/div><div><a style=\"color: #020f78;\" href=\"http:\/\/usbnoticias.usb.ve\/post\/41421\" target=\"_blank\" rel=\"noopener\">http:\/\/usbnoticias.usb.ve\/post\/41421<\/a><\/div>\t\t\t\t\t\t\t\t<\/div>\n\t\t\t\t<\/div>\n\t\t\t\t\t<\/div>\n\t\t<\/div>\n\t\t\t\t\t<\/div>\n\t\t<\/section>\n\t\t\t\t<\/div>\n\t\t","protected":false},"excerpt":{"rendered":"<p>D\u00e9ficit presupuestario afecta a universidades p\u00fablicas y privadas Durante el desarrollo de la primera reuni\u00f3n ordinaria del N\u00facleo de Vicerrectores Acad\u00e9micos, que se llev\u00f3 a cabo en la USB Sede del Litoral, el jueves 14 de mayo, el profesor Ren\u00e9 Aguirre, vicerrector Acad\u00e9mico de la Universidad Rafael Belloso Chac\u00edn de Maracaibo, ofreci\u00f3 un informe en [&hellip;]<\/p>\n","protected":false},"author":1,"featured_media":2358,"comment_status":"open","ping_status":"open","sticky":false,"template":"","format":"standard","meta":{"footnotes":""},"categories":[31],"tags":[],"class_list":["post-2353","post","type-post","status-publish","format-standard","has-post-thumbnail","hentry","category-prensa"],"yoast_head":"<!-- This site is optimized with the Yoast SEO Premium plugin v20.6 (Yoast SEO v25.6) - https:\/\/yoast.com\/wordpress\/plugins\/seo\/ -->\n<title>D\u00e9ficit presupuestario afecta a universidades p\u00fablicas y privadas - Rene Aguirre, PhD<\/title>\n<meta name=\"robots\" content=\"index, follow, max-snippet:-1, max-image-preview:large, max-video-preview:-1\" \/>\n<link rel=\"canonical\" href=\"https:\/\/reneaguirrephd.com\/es\/2015\/05\/18\/deficit-presupuestario-afecta-a-universidades-publicas-y-privadas\/\" \/>\n<meta property=\"og:locale\" content=\"es_ES\" \/>\n<meta property=\"og:type\" content=\"article\" \/>\n<meta property=\"og:title\" content=\"D\u00e9ficit presupuestario afecta a universidades p\u00fablicas y privadas\" \/>\n<meta property=\"og:description\" content=\"D\u00e9ficit presupuestario afecta a universidades p\u00fablicas y privadas Durante el desarrollo de la primera reuni\u00f3n ordinaria del N\u00facleo de Vicerrectores Acad\u00e9micos, que se llev\u00f3 a cabo en la USB Sede del Litoral, el jueves 14 de mayo, el profesor Ren\u00e9 Aguirre, vicerrector Acad\u00e9mico de la Universidad Rafael Belloso Chac\u00edn de Maracaibo, ofreci\u00f3 un informe en [&hellip;]\" \/>\n<meta property=\"og:url\" content=\"https:\/\/reneaguirrephd.com\/es\/2015\/05\/18\/deficit-presupuestario-afecta-a-universidades-publicas-y-privadas\/\" \/>\n<meta property=\"og:site_name\" content=\"Rene Aguirre, PhD\" \/>\n<meta property=\"article:published_time\" content=\"2015-05-18T14:10:00+00:00\" \/>\n<meta property=\"article:modified_time\" content=\"2022-06-21T03:34:37+00:00\" \/>\n<meta property=\"og:image\" content=\"https:\/\/reneaguirrephd.com\/es\/wp-content\/uploads\/2015\/05\/12.jpg\" \/>\n\t<meta property=\"og:image:width\" content=\"640\" \/>\n\t<meta property=\"og:image:height\" content=\"425\" \/>\n\t<meta property=\"og:image:type\" content=\"image\/jpeg\" \/>\n<meta name=\"author\" content=\"Ren\u00e9 Aguirre, PhD\" \/>\n<meta name=\"twitter:card\" content=\"summary_large_image\" \/>\n<meta name=\"twitter:label1\" content=\"Escrito por\" \/>\n\t<meta name=\"twitter:data1\" content=\"Ren\u00e9 Aguirre, PhD\" \/>\n\t<meta name=\"twitter:label2\" content=\"Tiempo estimado de lectura\" \/>\n\t<meta name=\"twitter:data2\" content=\"1 minuto\" \/>\n<script type=\"application\/ld+json\" class=\"yoast-schema-graph\">{\"@context\":\"https:\/\/schema.org\",\"@graph\":[{\"@type\":\"Article\",\"@id\":\"https:\/\/reneaguirrephd.com\/es\/2015\/05\/18\/deficit-presupuestario-afecta-a-universidades-publicas-y-privadas\/#article\",\"isPartOf\":{\"@id\":\"https:\/\/reneaguirrephd.com\/es\/2015\/05\/18\/deficit-presupuestario-afecta-a-universidades-publicas-y-privadas\/\"},\"author\":{\"name\":\"Ren\u00e9 Aguirre, PhD\",\"@id\":\"https:\/\/reneaguirrephd.com\/es\/#\/schema\/person\/c152e72f8b632e25cc4213a2639a52ba\"},\"headline\":\"D\u00e9ficit presupuestario afecta a universidades p\u00fablicas y privadas\",\"datePublished\":\"2015-05-18T14:10:00+00:00\",\"dateModified\":\"2022-06-21T03:34:37+00:00\",\"mainEntityOfPage\":{\"@id\":\"https:\/\/reneaguirrephd.com\/es\/2015\/05\/18\/deficit-presupuestario-afecta-a-universidades-publicas-y-privadas\/\"},\"wordCount\":164,\"commentCount\":0,\"publisher\":{\"@id\":\"https:\/\/reneaguirrephd.com\/es\/#organization\"},\"image\":{\"@id\":\"https:\/\/reneaguirrephd.com\/es\/2015\/05\/18\/deficit-presupuestario-afecta-a-universidades-publicas-y-privadas\/#primaryimage\"},\"thumbnailUrl\":\"https:\/\/reneaguirrephd.com\/es\/wp-content\/uploads\/2015\/05\/12.jpg\",\"articleSection\":[\"Prensa\"],\"inLanguage\":\"es\",\"potentialAction\":[{\"@type\":\"CommentAction\",\"name\":\"Comment\",\"target\":[\"https:\/\/reneaguirrephd.com\/es\/2015\/05\/18\/deficit-presupuestario-afecta-a-universidades-publicas-y-privadas\/#respond\"]}]},{\"@type\":\"WebPage\",\"@id\":\"https:\/\/reneaguirrephd.com\/es\/2015\/05\/18\/deficit-presupuestario-afecta-a-universidades-publicas-y-privadas\/\",\"url\":\"https:\/\/reneaguirrephd.com\/es\/2015\/05\/18\/deficit-presupuestario-afecta-a-universidades-publicas-y-privadas\/\",\"name\":\"D\u00e9ficit presupuestario afecta a universidades p\u00fablicas y privadas - Rene Aguirre, PhD\",\"isPartOf\":{\"@id\":\"https:\/\/reneaguirrephd.com\/es\/#website\"},\"primaryImageOfPage\":{\"@id\":\"https:\/\/reneaguirrephd.com\/es\/2015\/05\/18\/deficit-presupuestario-afecta-a-universidades-publicas-y-privadas\/#primaryimage\"},\"image\":{\"@id\":\"https:\/\/reneaguirrephd.com\/es\/2015\/05\/18\/deficit-presupuestario-afecta-a-universidades-publicas-y-privadas\/#primaryimage\"},\"thumbnailUrl\":\"https:\/\/reneaguirrephd.com\/es\/wp-content\/uploads\/2015\/05\/12.jpg\",\"datePublished\":\"2015-05-18T14:10:00+00:00\",\"dateModified\":\"2022-06-21T03:34:37+00:00\",\"breadcrumb\":{\"@id\":\"https:\/\/reneaguirrephd.com\/es\/2015\/05\/18\/deficit-presupuestario-afecta-a-universidades-publicas-y-privadas\/#breadcrumb\"},\"inLanguage\":\"es\",\"potentialAction\":[{\"@type\":\"ReadAction\",\"target\":[\"https:\/\/reneaguirrephd.com\/es\/2015\/05\/18\/deficit-presupuestario-afecta-a-universidades-publicas-y-privadas\/\"]}]},{\"@type\":\"ImageObject\",\"inLanguage\":\"es\",\"@id\":\"https:\/\/reneaguirrephd.com\/es\/2015\/05\/18\/deficit-presupuestario-afecta-a-universidades-publicas-y-privadas\/#primaryimage\",\"url\":\"https:\/\/reneaguirrephd.com\/es\/wp-content\/uploads\/2015\/05\/12.jpg\",\"contentUrl\":\"https:\/\/reneaguirrephd.com\/es\/wp-content\/uploads\/2015\/05\/12.jpg\",\"width\":640,\"height\":425},{\"@type\":\"BreadcrumbList\",\"@id\":\"https:\/\/reneaguirrephd.com\/es\/2015\/05\/18\/deficit-presupuestario-afecta-a-universidades-publicas-y-privadas\/#breadcrumb\",\"itemListElement\":[{\"@type\":\"ListItem\",\"position\":1,\"name\":\"Portada\",\"item\":\"https:\/\/reneaguirrephd.com\/es\/\"},{\"@type\":\"ListItem\",\"position\":2,\"name\":\"D\u00e9ficit presupuestario afecta a universidades p\u00fablicas y privadas\"}]},{\"@type\":\"WebSite\",\"@id\":\"https:\/\/reneaguirrephd.com\/es\/#website\",\"url\":\"https:\/\/reneaguirrephd.com\/es\/\",\"name\":\"Rene Aguirre, PhD\",\"description\":\"\",\"publisher\":{\"@id\":\"https:\/\/reneaguirrephd.com\/es\/#organization\"},\"potentialAction\":[{\"@type\":\"SearchAction\",\"target\":{\"@type\":\"EntryPoint\",\"urlTemplate\":\"https:\/\/reneaguirrephd.com\/es\/?s={search_term_string}\"},\"query-input\":{\"@type\":\"PropertyValueSpecification\",\"valueRequired\":true,\"valueName\":\"search_term_string\"}}],\"inLanguage\":\"es\"},{\"@type\":\"Organization\",\"@id\":\"https:\/\/reneaguirrephd.com\/es\/#organization\",\"name\":\"Rene Aguirre, PhD\",\"url\":\"https:\/\/reneaguirrephd.com\/es\/\",\"logo\":{\"@type\":\"ImageObject\",\"inLanguage\":\"es\",\"@id\":\"https:\/\/reneaguirrephd.com\/es\/#\/schema\/logo\/image\/\",\"url\":\"https:\/\/reneaguirrephd.com\/es\/wp-content\/uploads\/2022\/01\/logo.png\",\"contentUrl\":\"https:\/\/reneaguirrephd.com\/es\/wp-content\/uploads\/2022\/01\/logo.png\",\"width\":180,\"height\":172,\"caption\":\"Rene Aguirre, PhD\"},\"image\":{\"@id\":\"https:\/\/reneaguirrephd.com\/es\/#\/schema\/logo\/image\/\"}},{\"@type\":\"Person\",\"@id\":\"https:\/\/reneaguirrephd.com\/es\/#\/schema\/person\/c152e72f8b632e25cc4213a2639a52ba\",\"name\":\"Ren\u00e9 Aguirre, PhD\",\"image\":{\"@type\":\"ImageObject\",\"inLanguage\":\"es\",\"@id\":\"https:\/\/reneaguirrephd.com\/es\/#\/schema\/person\/image\/\",\"url\":\"https:\/\/secure.gravatar.com\/avatar\/b9eb26e4a29c146eaa6ee20087a0f855bab1b327daeedcdad012600256bcfae3?s=96&d=mm&r=g\",\"contentUrl\":\"https:\/\/secure.gravatar.com\/avatar\/b9eb26e4a29c146eaa6ee20087a0f855bab1b327daeedcdad012600256bcfae3?s=96&d=mm&r=g\",\"caption\":\"Ren\u00e9 Aguirre, PhD\"},\"sameAs\":[\"https:\/\/reneaguirrephd.com\/es\"],\"url\":\"https:\/\/reneaguirrephd.com\/es\/author\/admin\/\"}]}<\/script>\n<!-- \/ Yoast SEO Premium plugin. -->","yoast_head_json":{"title":"D\u00e9ficit presupuestario afecta a universidades p\u00fablicas y privadas - Rene Aguirre, PhD","robots":{"index":"index","follow":"follow","max-snippet":"max-snippet:-1","max-image-preview":"max-image-preview:large","max-video-preview":"max-video-preview:-1"},"canonical":"https:\/\/reneaguirrephd.com\/es\/2015\/05\/18\/deficit-presupuestario-afecta-a-universidades-publicas-y-privadas\/","og_locale":"es_ES","og_type":"article","og_title":"D\u00e9ficit presupuestario afecta a universidades p\u00fablicas y privadas","og_description":"D\u00e9ficit presupuestario afecta a universidades p\u00fablicas y privadas Durante el desarrollo de la primera reuni\u00f3n ordinaria del N\u00facleo de Vicerrectores Acad\u00e9micos, que se llev\u00f3 a cabo en la USB Sede del Litoral, el jueves 14 de mayo, el profesor Ren\u00e9 Aguirre, vicerrector Acad\u00e9mico de la Universidad Rafael Belloso Chac\u00edn de Maracaibo, ofreci\u00f3 un informe en [&hellip;]","og_url":"https:\/\/reneaguirrephd.com\/es\/2015\/05\/18\/deficit-presupuestario-afecta-a-universidades-publicas-y-privadas\/","og_site_name":"Rene Aguirre, PhD","article_published_time":"2015-05-18T14:10:00+00:00","article_modified_time":"2022-06-21T03:34:37+00:00","og_image":[{"width":640,"height":425,"url":"https:\/\/reneaguirrephd.com\/es\/wp-content\/uploads\/2015\/05\/12.jpg","type":"image\/jpeg"}],"author":"Ren\u00e9 Aguirre, PhD","twitter_card":"summary_large_image","twitter_misc":{"Escrito por":"Ren\u00e9 Aguirre, PhD","Tiempo estimado de lectura":"1 minuto"},"schema":{"@context":"https:\/\/schema.org","@graph":[{"@type":"Article","@id":"https:\/\/reneaguirrephd.com\/es\/2015\/05\/18\/deficit-presupuestario-afecta-a-universidades-publicas-y-privadas\/#article","isPartOf":{"@id":"https:\/\/reneaguirrephd.com\/es\/2015\/05\/18\/deficit-presupuestario-afecta-a-universidades-publicas-y-privadas\/"},"author":{"name":"Ren\u00e9 Aguirre, PhD","@id":"https:\/\/reneaguirrephd.com\/es\/#\/schema\/person\/c152e72f8b632e25cc4213a2639a52ba"},"headline":"D\u00e9ficit presupuestario afecta a universidades p\u00fablicas y privadas","datePublished":"2015-05-18T14:10:00+00:00","dateModified":"2022-06-21T03:34:37+00:00","mainEntityOfPage":{"@id":"https:\/\/reneaguirrephd.com\/es\/2015\/05\/18\/deficit-presupuestario-afecta-a-universidades-publicas-y-privadas\/"},"wordCount":164,"commentCount":0,"publisher":{"@id":"https:\/\/reneaguirrephd.com\/es\/#organization"},"image":{"@id":"https:\/\/reneaguirrephd.com\/es\/2015\/05\/18\/deficit-presupuestario-afecta-a-universidades-publicas-y-privadas\/#primaryimage"},"thumbnailUrl":"https:\/\/reneaguirrephd.com\/es\/wp-content\/uploads\/2015\/05\/12.jpg","articleSection":["Prensa"],"inLanguage":"es","potentialAction":[{"@type":"CommentAction","name":"Comment","target":["https:\/\/reneaguirrephd.com\/es\/2015\/05\/18\/deficit-presupuestario-afecta-a-universidades-publicas-y-privadas\/#respond"]}]},{"@type":"WebPage","@id":"https:\/\/reneaguirrephd.com\/es\/2015\/05\/18\/deficit-presupuestario-afecta-a-universidades-publicas-y-privadas\/","url":"https:\/\/reneaguirrephd.com\/es\/2015\/05\/18\/deficit-presupuestario-afecta-a-universidades-publicas-y-privadas\/","name":"D\u00e9ficit presupuestario afecta a universidades p\u00fablicas y privadas - Rene Aguirre, PhD","isPartOf":{"@id":"https:\/\/reneaguirrephd.com\/es\/#website"},"primaryImageOfPage":{"@id":"https:\/\/reneaguirrephd.com\/es\/2015\/05\/18\/deficit-presupuestario-afecta-a-universidades-publicas-y-privadas\/#primaryimage"},"image":{"@id":"https:\/\/reneaguirrephd.com\/es\/2015\/05\/18\/deficit-presupuestario-afecta-a-universidades-publicas-y-privadas\/#primaryimage"},"thumbnailUrl":"https:\/\/reneaguirrephd.com\/es\/wp-content\/uploads\/2015\/05\/12.jpg","datePublished":"2015-05-18T14:10:00+00:00","dateModified":"2022-06-21T03:34:37+00:00","breadcrumb":{"@id":"https:\/\/reneaguirrephd.com\/es\/2015\/05\/18\/deficit-presupuestario-afecta-a-universidades-publicas-y-privadas\/#breadcrumb"},"inLanguage":"es","potentialAction":[{"@type":"ReadAction","target":["https:\/\/reneaguirrephd.com\/es\/2015\/05\/18\/deficit-presupuestario-afecta-a-universidades-publicas-y-privadas\/"]}]},{"@type":"ImageObject","inLanguage":"es","@id":"https:\/\/reneaguirrephd.com\/es\/2015\/05\/18\/deficit-presupuestario-afecta-a-universidades-publicas-y-privadas\/#primaryimage","url":"https:\/\/reneaguirrephd.com\/es\/wp-content\/uploads\/2015\/05\/12.jpg","contentUrl":"https:\/\/reneaguirrephd.com\/es\/wp-content\/uploads\/2015\/05\/12.jpg","width":640,"height":425},{"@type":"BreadcrumbList","@id":"https:\/\/reneaguirrephd.com\/es\/2015\/05\/18\/deficit-presupuestario-afecta-a-universidades-publicas-y-privadas\/#breadcrumb","itemListElement":[{"@type":"ListItem","position":1,"name":"Portada","item":"https:\/\/reneaguirrephd.com\/es\/"},{"@type":"ListItem","position":2,"name":"D\u00e9ficit presupuestario afecta a universidades p\u00fablicas y privadas"}]},{"@type":"WebSite","@id":"https:\/\/reneaguirrephd.com\/es\/#website","url":"https:\/\/reneaguirrephd.com\/es\/","name":"Rene Aguirre, PhD","description":"","publisher":{"@id":"https:\/\/reneaguirrephd.com\/es\/#organization"},"potentialAction":[{"@type":"SearchAction","target":{"@type":"EntryPoint","urlTemplate":"https:\/\/reneaguirrephd.com\/es\/?s={search_term_string}"},"query-input":{"@type":"PropertyValueSpecification","valueRequired":true,"valueName":"search_term_string"}}],"inLanguage":"es"},{"@type":"Organization","@id":"https:\/\/reneaguirrephd.com\/es\/#organization","name":"Rene Aguirre, PhD","url":"https:\/\/reneaguirrephd.com\/es\/","logo":{"@type":"ImageObject","inLanguage":"es","@id":"https:\/\/reneaguirrephd.com\/es\/#\/schema\/logo\/image\/","url":"https:\/\/reneaguirrephd.com\/es\/wp-content\/uploads\/2022\/01\/logo.png","contentUrl":"https:\/\/reneaguirrephd.com\/es\/wp-content\/uploads\/2022\/01\/logo.png","width":180,"height":172,"caption":"Rene Aguirre, PhD"},"image":{"@id":"https:\/\/reneaguirrephd.com\/es\/#\/schema\/logo\/image\/"}},{"@type":"Person","@id":"https:\/\/reneaguirrephd.com\/es\/#\/schema\/person\/c152e72f8b632e25cc4213a2639a52ba","name":"Ren\u00e9 Aguirre, PhD","image":{"@type":"ImageObject","inLanguage":"es","@id":"https:\/\/reneaguirrephd.com\/es\/#\/schema\/person\/image\/","url":"https:\/\/secure.gravatar.com\/avatar\/b9eb26e4a29c146eaa6ee20087a0f855bab1b327daeedcdad012600256bcfae3?s=96&d=mm&r=g","contentUrl":"https:\/\/secure.gravatar.com\/avatar\/b9eb26e4a29c146eaa6ee20087a0f855bab1b327daeedcdad012600256bcfae3?s=96&d=mm&r=g","caption":"Ren\u00e9 Aguirre, PhD"},"sameAs":["https:\/\/reneaguirrephd.com\/es"],"url":"https:\/\/reneaguirrephd.com\/es\/author\/admin\/"}]}},"_links":{"self":[{"href":"https:\/\/reneaguirrephd.com\/es\/wp-json\/wp\/v2\/posts\/2353","targetHints":{"allow":["GET"]}}],"collection":[{"href":"https:\/\/reneaguirrephd.com\/es\/wp-json\/wp\/v2\/posts"}],"about":[{"href":"https:\/\/reneaguirrephd.com\/es\/wp-json\/wp\/v2\/types\/post"}],"author":[{"embeddable":true,"href":"https:\/\/reneaguirrephd.com\/es\/wp-json\/wp\/v2\/users\/1"}],"replies":[{"embeddable":true,"href":"https:\/\/reneaguirrephd.com\/es\/wp-json\/wp\/v2\/comments?post=2353"}],"version-history":[{"count":7,"href":"https:\/\/reneaguirrephd.com\/es\/wp-json\/wp\/v2\/posts\/2353\/revisions"}],"predecessor-version":[{"id":2364,"href":"https:\/\/reneaguirrephd.com\/es\/wp-json\/wp\/v2\/posts\/2353\/revisions\/2364"}],"wp:featuredmedia":[{"embeddable":true,"href":"https:\/\/reneaguirrephd.com\/es\/wp-json\/wp\/v2\/media\/2358"}],"wp:attachment":[{"href":"https:\/\/reneaguirrephd.com\/es\/wp-json\/wp\/v2\/media?parent=2353"}],"wp:term":[{"taxonomy":"category","embeddable":true,"href":"https:\/\/reneaguirrephd.com\/es\/wp-json\/wp\/v2\/categories?post=2353"},{"taxonomy":"post_tag","embeddable":true,"href":"https:\/\/reneaguirrephd.com\/es\/wp-json\/wp\/v2\/tags?post=2353"}],"curies":[{"name":"wp","href":"https:\/\/api.w.org\/{rel}","templated":true}]}}