{"id":2227,"date":"2007-02-28T10:10:00","date_gmt":"2007-02-28T14:10:00","guid":{"rendered":"https:\/\/reneaguirrephd.com\/es\/?p=2227"},"modified":"2022-06-20T15:43:05","modified_gmt":"2022-06-20T19:43:05","slug":"gerencia-en-las-organizaciones-del-siglo-xxi","status":"publish","type":"post","link":"https:\/\/reneaguirrephd.com\/es\/2007\/02\/28\/gerencia-en-las-organizaciones-del-siglo-xxi\/","title":{"rendered":"Gerencia en las Organizaciones del Siglo XXI"},"content":{"rendered":"\t\t<div data-elementor-type=\"wp-post\" data-elementor-id=\"2227\" class=\"elementor elementor-2227\">\n\t\t\t\t\t\t<section class=\"elementor-section elementor-top-section elementor-element elementor-element-641a833 elementor-section-boxed elementor-section-height-default elementor-section-height-default\" data-id=\"641a833\" data-element_type=\"section\">\n\t\t\t\t\t\t<div class=\"elementor-container elementor-column-gap-default\">\n\t\t\t\t\t<div class=\"elementor-column elementor-col-100 elementor-top-column elementor-element elementor-element-9f01b6a\" data-id=\"9f01b6a\" data-element_type=\"column\">\n\t\t\t<div class=\"elementor-widget-wrap elementor-element-populated\">\n\t\t\t\t\t\t<div class=\"elementor-element elementor-element-77037f1 elementor-widget elementor-widget-heading\" data-id=\"77037f1\" data-element_type=\"widget\" data-widget_type=\"heading.default\">\n\t\t\t\t<div class=\"elementor-widget-container\">\n\t\t\t\t\t<h3 class=\"elementor-heading-title elementor-size-default\">Gerencia en las Organizaciones del Siglo XXI<\/h3>\t\t\t\t<\/div>\n\t\t\t\t<\/div>\n\t\t\t\t\t<\/div>\n\t\t<\/div>\n\t\t\t\t\t<\/div>\n\t\t<\/section>\n\t\t\t\t<section class=\"elementor-section elementor-top-section elementor-element elementor-element-ceb63ac elementor-section-boxed elementor-section-height-default elementor-section-height-default\" data-id=\"ceb63ac\" data-element_type=\"section\">\n\t\t\t\t\t\t<div class=\"elementor-container elementor-column-gap-default\">\n\t\t\t\t\t<div class=\"elementor-column elementor-col-100 elementor-top-column elementor-element elementor-element-1b818d6\" data-id=\"1b818d6\" data-element_type=\"column\">\n\t\t\t<div class=\"elementor-widget-wrap elementor-element-populated\">\n\t\t\t\t\t\t<section class=\"elementor-section elementor-inner-section elementor-element elementor-element-6c8cab7 elementor-section-boxed elementor-section-height-default elementor-section-height-default\" data-id=\"6c8cab7\" data-element_type=\"section\">\n\t\t\t\t\t\t<div class=\"elementor-container elementor-column-gap-default\">\n\t\t\t\t\t<div class=\"elementor-column elementor-col-50 elementor-inner-column elementor-element elementor-element-cca0c77\" data-id=\"cca0c77\" data-element_type=\"column\">\n\t\t\t<div class=\"elementor-widget-wrap elementor-element-populated\">\n\t\t\t\t\t\t<div class=\"elementor-element elementor-element-bf77c03 elementor-widget elementor-widget-image\" data-id=\"bf77c03\" data-element_type=\"widget\" data-widget_type=\"image.default\">\n\t\t\t\t<div class=\"elementor-widget-container\">\n\t\t\t\t\t\t\t\t\t\t\t\t\t\t\t<img decoding=\"async\" src=\"https:\/\/reneaguirrephd.com\/es\/wp-content\/uploads\/2007\/02\/Gerencia-en-las-Organizaciones-del-Siglo-XXI.jpg\" title=\"\" alt=\"\" loading=\"lazy\" \/>\t\t\t\t\t\t\t\t\t\t\t\t\t\t\t<\/div>\n\t\t\t\t<\/div>\n\t\t\t\t\t<\/div>\n\t\t<\/div>\n\t\t\t\t<div class=\"elementor-column elementor-col-50 elementor-inner-column elementor-element elementor-element-f624430\" data-id=\"f624430\" data-element_type=\"column\">\n\t\t\t<div class=\"elementor-widget-wrap elementor-element-populated\">\n\t\t\t\t\t\t<div class=\"elementor-element elementor-element-44e2061 elementor-widget elementor-widget-text-editor\" data-id=\"44e2061\" data-element_type=\"widget\" data-widget_type=\"text-editor.default\">\n\t\t\t\t<div class=\"elementor-widget-container\">\n\t\t\t\t\t\t\t\t\t<p>El libro representa un conjunto de art\u00edculos cient\u00edficos y comentarios sobre la Gerencia en las Organizaciones del Siglo XXI. Cap\u00edtulo del libro: Ren\u00e9 Aguirre PhD, junto con Luis Tirado PhD, An\u00e1lisis: Ventas competitivas en las Organizaciones.<\/p><p><strong>A\u00f1o:<\/strong> 2007<\/p><p><strong>ISBN:<\/strong> 980 6510-37-2<\/p>\t\t\t\t\t\t\t\t<\/div>\n\t\t\t\t<\/div>\n\t\t\t\t\t<\/div>\n\t\t<\/div>\n\t\t\t\t\t<\/div>\n\t\t<\/section>\n\t\t\t\t\t<\/div>\n\t\t<\/div>\n\t\t\t\t\t<\/div>\n\t\t<\/section>\n\t\t\t\t<\/div>\n\t\t","protected":false},"excerpt":{"rendered":"<p>Gerencia en las Organizaciones del Siglo XXI El libro representa un conjunto de art\u00edculos cient\u00edficos y comentarios sobre la Gerencia en las Organizaciones del Siglo XXI. Cap\u00edtulo del libro: Ren\u00e9 Aguirre PhD, junto con Luis Tirado PhD, An\u00e1lisis: Ventas competitivas en las Organizaciones. A\u00f1o: 2007 ISBN: 980 6510-37-2<\/p>\n","protected":false},"author":1,"featured_media":2235,"comment_status":"open","ping_status":"open","sticky":false,"template":"","format":"standard","meta":{"footnotes":""},"categories":[28],"tags":[],"class_list":["post-2227","post","type-post","status-publish","format-standard","has-post-thumbnail","hentry","category-libros"],"yoast_head":"<!-- This site is optimized with the Yoast SEO Premium plugin v20.6 (Yoast SEO v25.6) - https:\/\/yoast.com\/wordpress\/plugins\/seo\/ -->\n<title>Gerencia en las Organizaciones del Siglo XXI - Rene Aguirre, PhD<\/title>\n<meta name=\"robots\" content=\"index, follow, max-snippet:-1, max-image-preview:large, max-video-preview:-1\" \/>\n<link rel=\"canonical\" href=\"https:\/\/reneaguirrephd.com\/es\/2007\/02\/28\/gerencia-en-las-organizaciones-del-siglo-xxi\/\" \/>\n<meta property=\"og:locale\" content=\"es_ES\" \/>\n<meta property=\"og:type\" content=\"article\" \/>\n<meta property=\"og:title\" content=\"Gerencia en las Organizaciones del Siglo XXI\" \/>\n<meta property=\"og:description\" content=\"Gerencia en las Organizaciones del Siglo XXI El libro representa un conjunto de art\u00edculos cient\u00edficos y comentarios sobre la Gerencia en las Organizaciones del Siglo XXI. Cap\u00edtulo del libro: Ren\u00e9 Aguirre PhD, junto con Luis Tirado PhD, An\u00e1lisis: Ventas competitivas en las Organizaciones. A\u00f1o: 2007 ISBN: 980 6510-37-2\" \/>\n<meta property=\"og:url\" content=\"https:\/\/reneaguirrephd.com\/es\/2007\/02\/28\/gerencia-en-las-organizaciones-del-siglo-xxi\/\" \/>\n<meta property=\"og:site_name\" content=\"Rene Aguirre, PhD\" \/>\n<meta property=\"article:published_time\" content=\"2007-02-28T14:10:00+00:00\" \/>\n<meta property=\"article:modified_time\" content=\"2022-06-20T19:43:05+00:00\" \/>\n<meta property=\"og:image\" content=\"https:\/\/reneaguirrephd.com\/es\/wp-content\/uploads\/2007\/02\/Gerencia-en-las-Organizaciones-del-Siglo-XXI-2.jpg\" \/>\n\t<meta property=\"og:image:width\" content=\"800\" \/>\n\t<meta property=\"og:image:height\" content=\"1103\" \/>\n\t<meta property=\"og:image:type\" content=\"image\/jpeg\" \/>\n<meta name=\"author\" content=\"Ren\u00e9 Aguirre, PhD\" \/>\n<meta name=\"twitter:card\" content=\"summary_large_image\" \/>\n<meta name=\"twitter:label1\" content=\"Escrito por\" \/>\n\t<meta name=\"twitter:data1\" content=\"Ren\u00e9 Aguirre, PhD\" \/>\n<script type=\"application\/ld+json\" class=\"yoast-schema-graph\">{\"@context\":\"https:\/\/schema.org\",\"@graph\":[{\"@type\":\"Article\",\"@id\":\"https:\/\/reneaguirrephd.com\/es\/2007\/02\/28\/gerencia-en-las-organizaciones-del-siglo-xxi\/#article\",\"isPartOf\":{\"@id\":\"https:\/\/reneaguirrephd.com\/es\/2007\/02\/28\/gerencia-en-las-organizaciones-del-siglo-xxi\/\"},\"author\":{\"name\":\"Ren\u00e9 Aguirre, PhD\",\"@id\":\"https:\/\/reneaguirrephd.com\/es\/#\/schema\/person\/c152e72f8b632e25cc4213a2639a52ba\"},\"headline\":\"Gerencia en las Organizaciones del Siglo XXI\",\"datePublished\":\"2007-02-28T14:10:00+00:00\",\"dateModified\":\"2022-06-20T19:43:05+00:00\",\"mainEntityOfPage\":{\"@id\":\"https:\/\/reneaguirrephd.com\/es\/2007\/02\/28\/gerencia-en-las-organizaciones-del-siglo-xxi\/\"},\"wordCount\":59,\"commentCount\":0,\"publisher\":{\"@id\":\"https:\/\/reneaguirrephd.com\/es\/#organization\"},\"image\":{\"@id\":\"https:\/\/reneaguirrephd.com\/es\/2007\/02\/28\/gerencia-en-las-organizaciones-del-siglo-xxi\/#primaryimage\"},\"thumbnailUrl\":\"https:\/\/reneaguirrephd.com\/es\/wp-content\/uploads\/2007\/02\/Gerencia-en-las-Organizaciones-del-Siglo-XXI-2.jpg\",\"articleSection\":[\"Libros\"],\"inLanguage\":\"es\",\"potentialAction\":[{\"@type\":\"CommentAction\",\"name\":\"Comment\",\"target\":[\"https:\/\/reneaguirrephd.com\/es\/2007\/02\/28\/gerencia-en-las-organizaciones-del-siglo-xxi\/#respond\"]}]},{\"@type\":\"WebPage\",\"@id\":\"https:\/\/reneaguirrephd.com\/es\/2007\/02\/28\/gerencia-en-las-organizaciones-del-siglo-xxi\/\",\"url\":\"https:\/\/reneaguirrephd.com\/es\/2007\/02\/28\/gerencia-en-las-organizaciones-del-siglo-xxi\/\",\"name\":\"Gerencia en las Organizaciones del Siglo XXI - Rene Aguirre, PhD\",\"isPartOf\":{\"@id\":\"https:\/\/reneaguirrephd.com\/es\/#website\"},\"primaryImageOfPage\":{\"@id\":\"https:\/\/reneaguirrephd.com\/es\/2007\/02\/28\/gerencia-en-las-organizaciones-del-siglo-xxi\/#primaryimage\"},\"image\":{\"@id\":\"https:\/\/reneaguirrephd.com\/es\/2007\/02\/28\/gerencia-en-las-organizaciones-del-siglo-xxi\/#primaryimage\"},\"thumbnailUrl\":\"https:\/\/reneaguirrephd.com\/es\/wp-content\/uploads\/2007\/02\/Gerencia-en-las-Organizaciones-del-Siglo-XXI-2.jpg\",\"datePublished\":\"2007-02-28T14:10:00+00:00\",\"dateModified\":\"2022-06-20T19:43:05+00:00\",\"breadcrumb\":{\"@id\":\"https:\/\/reneaguirrephd.com\/es\/2007\/02\/28\/gerencia-en-las-organizaciones-del-siglo-xxi\/#breadcrumb\"},\"inLanguage\":\"es\",\"potentialAction\":[{\"@type\":\"ReadAction\",\"target\":[\"https:\/\/reneaguirrephd.com\/es\/2007\/02\/28\/gerencia-en-las-organizaciones-del-siglo-xxi\/\"]}]},{\"@type\":\"ImageObject\",\"inLanguage\":\"es\",\"@id\":\"https:\/\/reneaguirrephd.com\/es\/2007\/02\/28\/gerencia-en-las-organizaciones-del-siglo-xxi\/#primaryimage\",\"url\":\"https:\/\/reneaguirrephd.com\/es\/wp-content\/uploads\/2007\/02\/Gerencia-en-las-Organizaciones-del-Siglo-XXI-2.jpg\",\"contentUrl\":\"https:\/\/reneaguirrephd.com\/es\/wp-content\/uploads\/2007\/02\/Gerencia-en-las-Organizaciones-del-Siglo-XXI-2.jpg\",\"width\":800,\"height\":1103},{\"@type\":\"BreadcrumbList\",\"@id\":\"https:\/\/reneaguirrephd.com\/es\/2007\/02\/28\/gerencia-en-las-organizaciones-del-siglo-xxi\/#breadcrumb\",\"itemListElement\":[{\"@type\":\"ListItem\",\"position\":1,\"name\":\"Portada\",\"item\":\"https:\/\/reneaguirrephd.com\/es\/\"},{\"@type\":\"ListItem\",\"position\":2,\"name\":\"Gerencia en las Organizaciones del Siglo XXI\"}]},{\"@type\":\"WebSite\",\"@id\":\"https:\/\/reneaguirrephd.com\/es\/#website\",\"url\":\"https:\/\/reneaguirrephd.com\/es\/\",\"name\":\"Rene Aguirre, PhD\",\"description\":\"\",\"publisher\":{\"@id\":\"https:\/\/reneaguirrephd.com\/es\/#organization\"},\"potentialAction\":[{\"@type\":\"SearchAction\",\"target\":{\"@type\":\"EntryPoint\",\"urlTemplate\":\"https:\/\/reneaguirrephd.com\/es\/?s={search_term_string}\"},\"query-input\":{\"@type\":\"PropertyValueSpecification\",\"valueRequired\":true,\"valueName\":\"search_term_string\"}}],\"inLanguage\":\"es\"},{\"@type\":\"Organization\",\"@id\":\"https:\/\/reneaguirrephd.com\/es\/#organization\",\"name\":\"Rene Aguirre, PhD\",\"url\":\"https:\/\/reneaguirrephd.com\/es\/\",\"logo\":{\"@type\":\"ImageObject\",\"inLanguage\":\"es\",\"@id\":\"https:\/\/reneaguirrephd.com\/es\/#\/schema\/logo\/image\/\",\"url\":\"https:\/\/reneaguirrephd.com\/es\/wp-content\/uploads\/2022\/01\/logo.png\",\"contentUrl\":\"https:\/\/reneaguirrephd.com\/es\/wp-content\/uploads\/2022\/01\/logo.png\",\"width\":180,\"height\":172,\"caption\":\"Rene Aguirre, PhD\"},\"image\":{\"@id\":\"https:\/\/reneaguirrephd.com\/es\/#\/schema\/logo\/image\/\"}},{\"@type\":\"Person\",\"@id\":\"https:\/\/reneaguirrephd.com\/es\/#\/schema\/person\/c152e72f8b632e25cc4213a2639a52ba\",\"name\":\"Ren\u00e9 Aguirre, PhD\",\"image\":{\"@type\":\"ImageObject\",\"inLanguage\":\"es\",\"@id\":\"https:\/\/reneaguirrephd.com\/es\/#\/schema\/person\/image\/\",\"url\":\"https:\/\/secure.gravatar.com\/avatar\/b9eb26e4a29c146eaa6ee20087a0f855bab1b327daeedcdad012600256bcfae3?s=96&d=mm&r=g\",\"contentUrl\":\"https:\/\/secure.gravatar.com\/avatar\/b9eb26e4a29c146eaa6ee20087a0f855bab1b327daeedcdad012600256bcfae3?s=96&d=mm&r=g\",\"caption\":\"Ren\u00e9 Aguirre, PhD\"},\"sameAs\":[\"https:\/\/reneaguirrephd.com\/es\"],\"url\":\"https:\/\/reneaguirrephd.com\/es\/author\/admin\/\"}]}<\/script>\n<!-- \/ Yoast SEO Premium plugin. -->","yoast_head_json":{"title":"Gerencia en las Organizaciones del Siglo XXI - Rene Aguirre, PhD","robots":{"index":"index","follow":"follow","max-snippet":"max-snippet:-1","max-image-preview":"max-image-preview:large","max-video-preview":"max-video-preview:-1"},"canonical":"https:\/\/reneaguirrephd.com\/es\/2007\/02\/28\/gerencia-en-las-organizaciones-del-siglo-xxi\/","og_locale":"es_ES","og_type":"article","og_title":"Gerencia en las Organizaciones del Siglo XXI","og_description":"Gerencia en las Organizaciones del Siglo XXI El libro representa un conjunto de art\u00edculos cient\u00edficos y comentarios sobre la Gerencia en las Organizaciones del Siglo XXI. Cap\u00edtulo del libro: Ren\u00e9 Aguirre PhD, junto con Luis Tirado PhD, An\u00e1lisis: Ventas competitivas en las Organizaciones. A\u00f1o: 2007 ISBN: 980 6510-37-2","og_url":"https:\/\/reneaguirrephd.com\/es\/2007\/02\/28\/gerencia-en-las-organizaciones-del-siglo-xxi\/","og_site_name":"Rene Aguirre, PhD","article_published_time":"2007-02-28T14:10:00+00:00","article_modified_time":"2022-06-20T19:43:05+00:00","og_image":[{"width":800,"height":1103,"url":"https:\/\/reneaguirrephd.com\/es\/wp-content\/uploads\/2007\/02\/Gerencia-en-las-Organizaciones-del-Siglo-XXI-2.jpg","type":"image\/jpeg"}],"author":"Ren\u00e9 Aguirre, PhD","twitter_card":"summary_large_image","twitter_misc":{"Escrito por":"Ren\u00e9 Aguirre, PhD"},"schema":{"@context":"https:\/\/schema.org","@graph":[{"@type":"Article","@id":"https:\/\/reneaguirrephd.com\/es\/2007\/02\/28\/gerencia-en-las-organizaciones-del-siglo-xxi\/#article","isPartOf":{"@id":"https:\/\/reneaguirrephd.com\/es\/2007\/02\/28\/gerencia-en-las-organizaciones-del-siglo-xxi\/"},"author":{"name":"Ren\u00e9 Aguirre, PhD","@id":"https:\/\/reneaguirrephd.com\/es\/#\/schema\/person\/c152e72f8b632e25cc4213a2639a52ba"},"headline":"Gerencia en las Organizaciones del Siglo XXI","datePublished":"2007-02-28T14:10:00+00:00","dateModified":"2022-06-20T19:43:05+00:00","mainEntityOfPage":{"@id":"https:\/\/reneaguirrephd.com\/es\/2007\/02\/28\/gerencia-en-las-organizaciones-del-siglo-xxi\/"},"wordCount":59,"commentCount":0,"publisher":{"@id":"https:\/\/reneaguirrephd.com\/es\/#organization"},"image":{"@id":"https:\/\/reneaguirrephd.com\/es\/2007\/02\/28\/gerencia-en-las-organizaciones-del-siglo-xxi\/#primaryimage"},"thumbnailUrl":"https:\/\/reneaguirrephd.com\/es\/wp-content\/uploads\/2007\/02\/Gerencia-en-las-Organizaciones-del-Siglo-XXI-2.jpg","articleSection":["Libros"],"inLanguage":"es","potentialAction":[{"@type":"CommentAction","name":"Comment","target":["https:\/\/reneaguirrephd.com\/es\/2007\/02\/28\/gerencia-en-las-organizaciones-del-siglo-xxi\/#respond"]}]},{"@type":"WebPage","@id":"https:\/\/reneaguirrephd.com\/es\/2007\/02\/28\/gerencia-en-las-organizaciones-del-siglo-xxi\/","url":"https:\/\/reneaguirrephd.com\/es\/2007\/02\/28\/gerencia-en-las-organizaciones-del-siglo-xxi\/","name":"Gerencia en las Organizaciones del Siglo XXI - Rene Aguirre, PhD","isPartOf":{"@id":"https:\/\/reneaguirrephd.com\/es\/#website"},"primaryImageOfPage":{"@id":"https:\/\/reneaguirrephd.com\/es\/2007\/02\/28\/gerencia-en-las-organizaciones-del-siglo-xxi\/#primaryimage"},"image":{"@id":"https:\/\/reneaguirrephd.com\/es\/2007\/02\/28\/gerencia-en-las-organizaciones-del-siglo-xxi\/#primaryimage"},"thumbnailUrl":"https:\/\/reneaguirrephd.com\/es\/wp-content\/uploads\/2007\/02\/Gerencia-en-las-Organizaciones-del-Siglo-XXI-2.jpg","datePublished":"2007-02-28T14:10:00+00:00","dateModified":"2022-06-20T19:43:05+00:00","breadcrumb":{"@id":"https:\/\/reneaguirrephd.com\/es\/2007\/02\/28\/gerencia-en-las-organizaciones-del-siglo-xxi\/#breadcrumb"},"inLanguage":"es","potentialAction":[{"@type":"ReadAction","target":["https:\/\/reneaguirrephd.com\/es\/2007\/02\/28\/gerencia-en-las-organizaciones-del-siglo-xxi\/"]}]},{"@type":"ImageObject","inLanguage":"es","@id":"https:\/\/reneaguirrephd.com\/es\/2007\/02\/28\/gerencia-en-las-organizaciones-del-siglo-xxi\/#primaryimage","url":"https:\/\/reneaguirrephd.com\/es\/wp-content\/uploads\/2007\/02\/Gerencia-en-las-Organizaciones-del-Siglo-XXI-2.jpg","contentUrl":"https:\/\/reneaguirrephd.com\/es\/wp-content\/uploads\/2007\/02\/Gerencia-en-las-Organizaciones-del-Siglo-XXI-2.jpg","width":800,"height":1103},{"@type":"BreadcrumbList","@id":"https:\/\/reneaguirrephd.com\/es\/2007\/02\/28\/gerencia-en-las-organizaciones-del-siglo-xxi\/#breadcrumb","itemListElement":[{"@type":"ListItem","position":1,"name":"Portada","item":"https:\/\/reneaguirrephd.com\/es\/"},{"@type":"ListItem","position":2,"name":"Gerencia en las Organizaciones del Siglo XXI"}]},{"@type":"WebSite","@id":"https:\/\/reneaguirrephd.com\/es\/#website","url":"https:\/\/reneaguirrephd.com\/es\/","name":"Rene Aguirre, PhD","description":"","publisher":{"@id":"https:\/\/reneaguirrephd.com\/es\/#organization"},"potentialAction":[{"@type":"SearchAction","target":{"@type":"EntryPoint","urlTemplate":"https:\/\/reneaguirrephd.com\/es\/?s={search_term_string}"},"query-input":{"@type":"PropertyValueSpecification","valueRequired":true,"valueName":"search_term_string"}}],"inLanguage":"es"},{"@type":"Organization","@id":"https:\/\/reneaguirrephd.com\/es\/#organization","name":"Rene Aguirre, PhD","url":"https:\/\/reneaguirrephd.com\/es\/","logo":{"@type":"ImageObject","inLanguage":"es","@id":"https:\/\/reneaguirrephd.com\/es\/#\/schema\/logo\/image\/","url":"https:\/\/reneaguirrephd.com\/es\/wp-content\/uploads\/2022\/01\/logo.png","contentUrl":"https:\/\/reneaguirrephd.com\/es\/wp-content\/uploads\/2022\/01\/logo.png","width":180,"height":172,"caption":"Rene Aguirre, PhD"},"image":{"@id":"https:\/\/reneaguirrephd.com\/es\/#\/schema\/logo\/image\/"}},{"@type":"Person","@id":"https:\/\/reneaguirrephd.com\/es\/#\/schema\/person\/c152e72f8b632e25cc4213a2639a52ba","name":"Ren\u00e9 Aguirre, PhD","image":{"@type":"ImageObject","inLanguage":"es","@id":"https:\/\/reneaguirrephd.com\/es\/#\/schema\/person\/image\/","url":"https:\/\/secure.gravatar.com\/avatar\/b9eb26e4a29c146eaa6ee20087a0f855bab1b327daeedcdad012600256bcfae3?s=96&d=mm&r=g","contentUrl":"https:\/\/secure.gravatar.com\/avatar\/b9eb26e4a29c146eaa6ee20087a0f855bab1b327daeedcdad012600256bcfae3?s=96&d=mm&r=g","caption":"Ren\u00e9 Aguirre, PhD"},"sameAs":["https:\/\/reneaguirrephd.com\/es"],"url":"https:\/\/reneaguirrephd.com\/es\/author\/admin\/"}]}},"_links":{"self":[{"href":"https:\/\/reneaguirrephd.com\/es\/wp-json\/wp\/v2\/posts\/2227","targetHints":{"allow":["GET"]}}],"collection":[{"href":"https:\/\/reneaguirrephd.com\/es\/wp-json\/wp\/v2\/posts"}],"about":[{"href":"https:\/\/reneaguirrephd.com\/es\/wp-json\/wp\/v2\/types\/post"}],"author":[{"embeddable":true,"href":"https:\/\/reneaguirrephd.com\/es\/wp-json\/wp\/v2\/users\/1"}],"replies":[{"embeddable":true,"href":"https:\/\/reneaguirrephd.com\/es\/wp-json\/wp\/v2\/comments?post=2227"}],"version-history":[{"count":7,"href":"https:\/\/reneaguirrephd.com\/es\/wp-json\/wp\/v2\/posts\/2227\/revisions"}],"predecessor-version":[{"id":2238,"href":"https:\/\/reneaguirrephd.com\/es\/wp-json\/wp\/v2\/posts\/2227\/revisions\/2238"}],"wp:featuredmedia":[{"embeddable":true,"href":"https:\/\/reneaguirrephd.com\/es\/wp-json\/wp\/v2\/media\/2235"}],"wp:attachment":[{"href":"https:\/\/reneaguirrephd.com\/es\/wp-json\/wp\/v2\/media?parent=2227"}],"wp:term":[{"taxonomy":"category","embeddable":true,"href":"https:\/\/reneaguirrephd.com\/es\/wp-json\/wp\/v2\/categories?post=2227"},{"taxonomy":"post_tag","embeddable":true,"href":"https:\/\/reneaguirrephd.com\/es\/wp-json\/wp\/v2\/tags?post=2227"}],"curies":[{"name":"wp","href":"https:\/\/api.w.org\/{rel}","templated":true}]}}