{"id":2204,"date":"2014-07-24T10:10:00","date_gmt":"2014-07-24T14:10:00","guid":{"rendered":"https:\/\/reneaguirrephd.com\/es\/?p=2204"},"modified":"2022-06-20T12:22:01","modified_gmt":"2022-06-20T16:22:01","slug":"saint-firma-convenio-con-la-universidad-dr-rafael-belloso-chacin","status":"publish","type":"post","link":"https:\/\/reneaguirrephd.com\/es\/2014\/07\/24\/saint-firma-convenio-con-la-universidad-dr-rafael-belloso-chacin\/","title":{"rendered":"Saint Firma Convenio con la Universidad Dr. Rafael Belloso Chac\u00edn"},"content":{"rendered":"\t\t<div data-elementor-type=\"wp-post\" data-elementor-id=\"2204\" class=\"elementor elementor-2204\">\n\t\t\t\t\t\t<section class=\"elementor-section elementor-top-section elementor-element elementor-element-56596ae elementor-section-boxed elementor-section-height-default elementor-section-height-default\" data-id=\"56596ae\" data-element_type=\"section\">\n\t\t\t\t\t\t<div class=\"elementor-container elementor-column-gap-default\">\n\t\t\t\t\t<div class=\"elementor-column elementor-col-100 elementor-top-column elementor-element elementor-element-909066d\" data-id=\"909066d\" data-element_type=\"column\">\n\t\t\t<div class=\"elementor-widget-wrap elementor-element-populated\">\n\t\t\t\t\t\t<div class=\"elementor-element elementor-element-9bc4e2b elementor-widget elementor-widget-heading\" data-id=\"9bc4e2b\" data-element_type=\"widget\" data-widget_type=\"heading.default\">\n\t\t\t\t<div class=\"elementor-widget-container\">\n\t\t\t\t\t<h3 class=\"elementor-heading-title elementor-size-default\">Saint Firma Convenio con la Universidad Dr. Rafael Belloso Chac\u00edn<\/h3>\t\t\t\t<\/div>\n\t\t\t\t<\/div>\n\t\t\t\t\t<\/div>\n\t\t<\/div>\n\t\t\t\t\t<\/div>\n\t\t<\/section>\n\t\t\t\t<section class=\"elementor-section elementor-top-section elementor-element elementor-element-b2dc690 elementor-section-boxed elementor-section-height-default elementor-section-height-default\" data-id=\"b2dc690\" data-element_type=\"section\">\n\t\t\t\t\t\t<div class=\"elementor-container elementor-column-gap-default\">\n\t\t\t\t\t<div class=\"elementor-column elementor-col-100 elementor-top-column elementor-element elementor-element-81f8073\" data-id=\"81f8073\" data-element_type=\"column\">\n\t\t\t<div class=\"elementor-widget-wrap elementor-element-populated\">\n\t\t\t\t\t\t<section class=\"elementor-section elementor-inner-section elementor-element elementor-element-c77727e elementor-section-boxed elementor-section-height-default elementor-section-height-default\" data-id=\"c77727e\" data-element_type=\"section\">\n\t\t\t\t\t\t<div class=\"elementor-container elementor-column-gap-default\">\n\t\t\t\t\t<div class=\"elementor-column elementor-col-50 elementor-inner-column elementor-element elementor-element-d5749d2\" data-id=\"d5749d2\" data-element_type=\"column\">\n\t\t\t<div class=\"elementor-widget-wrap elementor-element-populated\">\n\t\t\t\t\t\t<div class=\"elementor-element elementor-element-3729104 elementor-widget elementor-widget-image\" data-id=\"3729104\" data-element_type=\"widget\" data-widget_type=\"image.default\">\n\t\t\t\t<div class=\"elementor-widget-container\">\n\t\t\t\t\t\t\t\t\t\t\t\t\t\t\t<img fetchpriority=\"high\" decoding=\"async\" width=\"640\" height=\"283\" src=\"https:\/\/reneaguirrephd.com\/es\/wp-content\/uploads\/2014\/07\/saint-urbe.jpg\" class=\"attachment-full size-full wp-image-2223\" alt=\"\" srcset=\"https:\/\/reneaguirrephd.com\/es\/wp-content\/uploads\/2014\/07\/saint-urbe.jpg 640w, https:\/\/reneaguirrephd.com\/es\/wp-content\/uploads\/2014\/07\/saint-urbe-300x133.jpg 300w\" sizes=\"(max-width: 640px) 100vw, 640px\" \/>\t\t\t\t\t\t\t\t\t\t\t\t\t\t\t<\/div>\n\t\t\t\t<\/div>\n\t\t\t\t\t<\/div>\n\t\t<\/div>\n\t\t\t\t<div class=\"elementor-column elementor-col-50 elementor-inner-column elementor-element elementor-element-8cea70d\" data-id=\"8cea70d\" data-element_type=\"column\">\n\t\t\t<div class=\"elementor-widget-wrap elementor-element-populated\">\n\t\t\t\t\t\t<div class=\"elementor-element elementor-element-3e2b490 elementor-widget elementor-widget-text-editor\" data-id=\"3e2b490\" data-element_type=\"widget\" data-widget_type=\"text-editor.default\">\n\t\t\t\t<div class=\"elementor-widget-container\">\n\t\t\t\t\t\t\t\t\t<p>Con el prop\u00f3sito de seguir estableciendo alianzas estrat\u00e9gicas institucionales y nuestras virtudes tecnol\u00f3gicas a todos los estudiantes y profesores universitarios, este martes 22 de julio se llev\u00f3 a cabo la firma del convenio marco con la Universidad Dr. Rafael Belloso Chac\u00edn como pre\u00e1mbulo a la firma del convenio emprendedores saint para la ejecuci\u00f3n del proyecto Innov@ de la mano con el Instituto de Gerencia Estrat\u00e9gica del Zulia (IGEZ) el cual tiene como objetivo el desarrollo de aplicaciones administrativas con tecnolog\u00eda Saint.\u00a0Dichos proyectos y aplicaciones lo realizar\u00e1n\u00a0 grupos de estudiantes multidisciplinario pertenecientes a las distintas universidades de la regi\u00f3n.<\/p>\t\t\t\t\t\t\t\t<\/div>\n\t\t\t\t<\/div>\n\t\t\t\t\t<\/div>\n\t\t<\/div>\n\t\t\t\t\t<\/div>\n\t\t<\/section>\n\t\t\t\t\t<\/div>\n\t\t<\/div>\n\t\t\t\t\t<\/div>\n\t\t<\/section>\n\t\t\t\t<section class=\"elementor-section elementor-top-section elementor-element elementor-element-09a31c3 elementor-section-boxed elementor-section-height-default elementor-section-height-default\" data-id=\"09a31c3\" data-element_type=\"section\">\n\t\t\t\t\t\t<div class=\"elementor-container elementor-column-gap-default\">\n\t\t\t\t\t<div class=\"elementor-column elementor-col-100 elementor-top-column elementor-element elementor-element-c5f2e1c\" data-id=\"c5f2e1c\" data-element_type=\"column\">\n\t\t\t<div class=\"elementor-widget-wrap elementor-element-populated\">\n\t\t\t\t\t\t<div class=\"elementor-element elementor-element-60cb0f5 elementor-widget elementor-widget-text-editor\" data-id=\"60cb0f5\" data-element_type=\"widget\" data-widget_type=\"text-editor.default\">\n\t\t\t\t<div class=\"elementor-widget-container\">\n\t\t\t\t\t\t\t\t\t<h4>Leer M\u00e1s:<\/h4><div>\u00a0<\/div><div><strong>Diario Estamos en l\u00ednea:<\/strong><\/div><div><a style=\"color: #020f78;\" href=\"https:\/\/www.diariolasamericas.com\/eeuu\/la-nueva-universidad-40-evolucion-o-extincion-n4250913\" target=\"_blank\" rel=\"noopener\">https:\/\/www.estamosenlinea.com.ve\/2014\/07\/24\/saint-firma-convenio-con-la-universidad-dr-rafael-belloso-chacin\/<\/a><\/div>\t\t\t\t\t\t\t\t<\/div>\n\t\t\t\t<\/div>\n\t\t\t\t\t<\/div>\n\t\t<\/div>\n\t\t\t\t\t<\/div>\n\t\t<\/section>\n\t\t\t\t<\/div>\n\t\t","protected":false},"excerpt":{"rendered":"<p>Saint Firma Convenio con la Universidad Dr. Rafael Belloso Chac\u00edn Con el prop\u00f3sito de seguir estableciendo alianzas estrat\u00e9gicas institucionales y nuestras virtudes tecnol\u00f3gicas a todos los estudiantes y profesores universitarios, este martes 22 de julio se llev\u00f3 a cabo la firma del convenio marco con la Universidad Dr. Rafael Belloso Chac\u00edn como pre\u00e1mbulo a la [&hellip;]<\/p>\n","protected":false},"author":1,"featured_media":2223,"comment_status":"open","ping_status":"open","sticky":false,"template":"","format":"standard","meta":{"footnotes":""},"categories":[31],"tags":[],"class_list":["post-2204","post","type-post","status-publish","format-standard","has-post-thumbnail","hentry","category-prensa"],"yoast_head":"<!-- This site is optimized with the Yoast SEO Premium plugin v20.6 (Yoast SEO v25.6) - https:\/\/yoast.com\/wordpress\/plugins\/seo\/ -->\n<title>Saint Firma Convenio con la Universidad Dr. Rafael Belloso Chac\u00edn - Rene Aguirre, PhD<\/title>\n<meta name=\"robots\" content=\"index, follow, max-snippet:-1, max-image-preview:large, max-video-preview:-1\" \/>\n<link rel=\"canonical\" href=\"https:\/\/reneaguirrephd.com\/es\/2014\/07\/24\/saint-firma-convenio-con-la-universidad-dr-rafael-belloso-chacin\/\" \/>\n<meta property=\"og:locale\" content=\"es_ES\" \/>\n<meta property=\"og:type\" content=\"article\" \/>\n<meta property=\"og:title\" content=\"Saint Firma Convenio con la Universidad Dr. Rafael Belloso Chac\u00edn\" \/>\n<meta property=\"og:description\" content=\"Saint Firma Convenio con la Universidad Dr. Rafael Belloso Chac\u00edn Con el prop\u00f3sito de seguir estableciendo alianzas estrat\u00e9gicas institucionales y nuestras virtudes tecnol\u00f3gicas a todos los estudiantes y profesores universitarios, este martes 22 de julio se llev\u00f3 a cabo la firma del convenio marco con la Universidad Dr. Rafael Belloso Chac\u00edn como pre\u00e1mbulo a la [&hellip;]\" \/>\n<meta property=\"og:url\" content=\"https:\/\/reneaguirrephd.com\/es\/2014\/07\/24\/saint-firma-convenio-con-la-universidad-dr-rafael-belloso-chacin\/\" \/>\n<meta property=\"og:site_name\" content=\"Rene Aguirre, PhD\" \/>\n<meta property=\"article:published_time\" content=\"2014-07-24T14:10:00+00:00\" \/>\n<meta property=\"article:modified_time\" content=\"2022-06-20T16:22:01+00:00\" \/>\n<meta property=\"og:image\" content=\"https:\/\/reneaguirrephd.com\/es\/wp-content\/uploads\/2014\/07\/saint-urbe.jpg\" \/>\n\t<meta property=\"og:image:width\" content=\"640\" \/>\n\t<meta property=\"og:image:height\" content=\"283\" \/>\n\t<meta property=\"og:image:type\" content=\"image\/jpeg\" \/>\n<meta name=\"author\" content=\"Ren\u00e9 Aguirre, PhD\" \/>\n<meta name=\"twitter:card\" content=\"summary_large_image\" \/>\n<meta name=\"twitter:label1\" content=\"Escrito por\" \/>\n\t<meta name=\"twitter:data1\" content=\"Ren\u00e9 Aguirre, PhD\" \/>\n\t<meta name=\"twitter:label2\" content=\"Tiempo estimado de lectura\" \/>\n\t<meta name=\"twitter:data2\" content=\"1 minuto\" \/>\n<script type=\"application\/ld+json\" class=\"yoast-schema-graph\">{\"@context\":\"https:\/\/schema.org\",\"@graph\":[{\"@type\":\"Article\",\"@id\":\"https:\/\/reneaguirrephd.com\/es\/2014\/07\/24\/saint-firma-convenio-con-la-universidad-dr-rafael-belloso-chacin\/#article\",\"isPartOf\":{\"@id\":\"https:\/\/reneaguirrephd.com\/es\/2014\/07\/24\/saint-firma-convenio-con-la-universidad-dr-rafael-belloso-chacin\/\"},\"author\":{\"name\":\"Ren\u00e9 Aguirre, PhD\",\"@id\":\"https:\/\/reneaguirrephd.com\/es\/#\/schema\/person\/c152e72f8b632e25cc4213a2639a52ba\"},\"headline\":\"Saint Firma Convenio con la Universidad Dr. Rafael Belloso Chac\u00edn\",\"datePublished\":\"2014-07-24T14:10:00+00:00\",\"dateModified\":\"2022-06-20T16:22:01+00:00\",\"mainEntityOfPage\":{\"@id\":\"https:\/\/reneaguirrephd.com\/es\/2014\/07\/24\/saint-firma-convenio-con-la-universidad-dr-rafael-belloso-chacin\/\"},\"wordCount\":144,\"commentCount\":0,\"publisher\":{\"@id\":\"https:\/\/reneaguirrephd.com\/es\/#organization\"},\"image\":{\"@id\":\"https:\/\/reneaguirrephd.com\/es\/2014\/07\/24\/saint-firma-convenio-con-la-universidad-dr-rafael-belloso-chacin\/#primaryimage\"},\"thumbnailUrl\":\"https:\/\/reneaguirrephd.com\/es\/wp-content\/uploads\/2014\/07\/saint-urbe.jpg\",\"articleSection\":[\"Prensa\"],\"inLanguage\":\"es\",\"potentialAction\":[{\"@type\":\"CommentAction\",\"name\":\"Comment\",\"target\":[\"https:\/\/reneaguirrephd.com\/es\/2014\/07\/24\/saint-firma-convenio-con-la-universidad-dr-rafael-belloso-chacin\/#respond\"]}]},{\"@type\":\"WebPage\",\"@id\":\"https:\/\/reneaguirrephd.com\/es\/2014\/07\/24\/saint-firma-convenio-con-la-universidad-dr-rafael-belloso-chacin\/\",\"url\":\"https:\/\/reneaguirrephd.com\/es\/2014\/07\/24\/saint-firma-convenio-con-la-universidad-dr-rafael-belloso-chacin\/\",\"name\":\"Saint Firma Convenio con la Universidad Dr. Rafael Belloso Chac\u00edn - Rene Aguirre, PhD\",\"isPartOf\":{\"@id\":\"https:\/\/reneaguirrephd.com\/es\/#website\"},\"primaryImageOfPage\":{\"@id\":\"https:\/\/reneaguirrephd.com\/es\/2014\/07\/24\/saint-firma-convenio-con-la-universidad-dr-rafael-belloso-chacin\/#primaryimage\"},\"image\":{\"@id\":\"https:\/\/reneaguirrephd.com\/es\/2014\/07\/24\/saint-firma-convenio-con-la-universidad-dr-rafael-belloso-chacin\/#primaryimage\"},\"thumbnailUrl\":\"https:\/\/reneaguirrephd.com\/es\/wp-content\/uploads\/2014\/07\/saint-urbe.jpg\",\"datePublished\":\"2014-07-24T14:10:00+00:00\",\"dateModified\":\"2022-06-20T16:22:01+00:00\",\"breadcrumb\":{\"@id\":\"https:\/\/reneaguirrephd.com\/es\/2014\/07\/24\/saint-firma-convenio-con-la-universidad-dr-rafael-belloso-chacin\/#breadcrumb\"},\"inLanguage\":\"es\",\"potentialAction\":[{\"@type\":\"ReadAction\",\"target\":[\"https:\/\/reneaguirrephd.com\/es\/2014\/07\/24\/saint-firma-convenio-con-la-universidad-dr-rafael-belloso-chacin\/\"]}]},{\"@type\":\"ImageObject\",\"inLanguage\":\"es\",\"@id\":\"https:\/\/reneaguirrephd.com\/es\/2014\/07\/24\/saint-firma-convenio-con-la-universidad-dr-rafael-belloso-chacin\/#primaryimage\",\"url\":\"https:\/\/reneaguirrephd.com\/es\/wp-content\/uploads\/2014\/07\/saint-urbe.jpg\",\"contentUrl\":\"https:\/\/reneaguirrephd.com\/es\/wp-content\/uploads\/2014\/07\/saint-urbe.jpg\",\"width\":640,\"height\":283},{\"@type\":\"BreadcrumbList\",\"@id\":\"https:\/\/reneaguirrephd.com\/es\/2014\/07\/24\/saint-firma-convenio-con-la-universidad-dr-rafael-belloso-chacin\/#breadcrumb\",\"itemListElement\":[{\"@type\":\"ListItem\",\"position\":1,\"name\":\"Portada\",\"item\":\"https:\/\/reneaguirrephd.com\/es\/\"},{\"@type\":\"ListItem\",\"position\":2,\"name\":\"Saint Firma Convenio con la Universidad Dr. Rafael Belloso Chac\u00edn\"}]},{\"@type\":\"WebSite\",\"@id\":\"https:\/\/reneaguirrephd.com\/es\/#website\",\"url\":\"https:\/\/reneaguirrephd.com\/es\/\",\"name\":\"Rene Aguirre, PhD\",\"description\":\"\",\"publisher\":{\"@id\":\"https:\/\/reneaguirrephd.com\/es\/#organization\"},\"potentialAction\":[{\"@type\":\"SearchAction\",\"target\":{\"@type\":\"EntryPoint\",\"urlTemplate\":\"https:\/\/reneaguirrephd.com\/es\/?s={search_term_string}\"},\"query-input\":{\"@type\":\"PropertyValueSpecification\",\"valueRequired\":true,\"valueName\":\"search_term_string\"}}],\"inLanguage\":\"es\"},{\"@type\":\"Organization\",\"@id\":\"https:\/\/reneaguirrephd.com\/es\/#organization\",\"name\":\"Rene Aguirre, PhD\",\"url\":\"https:\/\/reneaguirrephd.com\/es\/\",\"logo\":{\"@type\":\"ImageObject\",\"inLanguage\":\"es\",\"@id\":\"https:\/\/reneaguirrephd.com\/es\/#\/schema\/logo\/image\/\",\"url\":\"https:\/\/reneaguirrephd.com\/es\/wp-content\/uploads\/2022\/01\/logo.png\",\"contentUrl\":\"https:\/\/reneaguirrephd.com\/es\/wp-content\/uploads\/2022\/01\/logo.png\",\"width\":180,\"height\":172,\"caption\":\"Rene Aguirre, PhD\"},\"image\":{\"@id\":\"https:\/\/reneaguirrephd.com\/es\/#\/schema\/logo\/image\/\"}},{\"@type\":\"Person\",\"@id\":\"https:\/\/reneaguirrephd.com\/es\/#\/schema\/person\/c152e72f8b632e25cc4213a2639a52ba\",\"name\":\"Ren\u00e9 Aguirre, PhD\",\"image\":{\"@type\":\"ImageObject\",\"inLanguage\":\"es\",\"@id\":\"https:\/\/reneaguirrephd.com\/es\/#\/schema\/person\/image\/\",\"url\":\"https:\/\/secure.gravatar.com\/avatar\/b9eb26e4a29c146eaa6ee20087a0f855bab1b327daeedcdad012600256bcfae3?s=96&d=mm&r=g\",\"contentUrl\":\"https:\/\/secure.gravatar.com\/avatar\/b9eb26e4a29c146eaa6ee20087a0f855bab1b327daeedcdad012600256bcfae3?s=96&d=mm&r=g\",\"caption\":\"Ren\u00e9 Aguirre, PhD\"},\"sameAs\":[\"https:\/\/reneaguirrephd.com\/es\"],\"url\":\"https:\/\/reneaguirrephd.com\/es\/author\/admin\/\"}]}<\/script>\n<!-- \/ Yoast SEO Premium plugin. -->","yoast_head_json":{"title":"Saint Firma Convenio con la Universidad Dr. Rafael Belloso Chac\u00edn - Rene Aguirre, PhD","robots":{"index":"index","follow":"follow","max-snippet":"max-snippet:-1","max-image-preview":"max-image-preview:large","max-video-preview":"max-video-preview:-1"},"canonical":"https:\/\/reneaguirrephd.com\/es\/2014\/07\/24\/saint-firma-convenio-con-la-universidad-dr-rafael-belloso-chacin\/","og_locale":"es_ES","og_type":"article","og_title":"Saint Firma Convenio con la Universidad Dr. Rafael Belloso Chac\u00edn","og_description":"Saint Firma Convenio con la Universidad Dr. Rafael Belloso Chac\u00edn Con el prop\u00f3sito de seguir estableciendo alianzas estrat\u00e9gicas institucionales y nuestras virtudes tecnol\u00f3gicas a todos los estudiantes y profesores universitarios, este martes 22 de julio se llev\u00f3 a cabo la firma del convenio marco con la Universidad Dr. Rafael Belloso Chac\u00edn como pre\u00e1mbulo a la [&hellip;]","og_url":"https:\/\/reneaguirrephd.com\/es\/2014\/07\/24\/saint-firma-convenio-con-la-universidad-dr-rafael-belloso-chacin\/","og_site_name":"Rene Aguirre, PhD","article_published_time":"2014-07-24T14:10:00+00:00","article_modified_time":"2022-06-20T16:22:01+00:00","og_image":[{"width":640,"height":283,"url":"https:\/\/reneaguirrephd.com\/es\/wp-content\/uploads\/2014\/07\/saint-urbe.jpg","type":"image\/jpeg"}],"author":"Ren\u00e9 Aguirre, PhD","twitter_card":"summary_large_image","twitter_misc":{"Escrito por":"Ren\u00e9 Aguirre, PhD","Tiempo estimado de lectura":"1 minuto"},"schema":{"@context":"https:\/\/schema.org","@graph":[{"@type":"Article","@id":"https:\/\/reneaguirrephd.com\/es\/2014\/07\/24\/saint-firma-convenio-con-la-universidad-dr-rafael-belloso-chacin\/#article","isPartOf":{"@id":"https:\/\/reneaguirrephd.com\/es\/2014\/07\/24\/saint-firma-convenio-con-la-universidad-dr-rafael-belloso-chacin\/"},"author":{"name":"Ren\u00e9 Aguirre, PhD","@id":"https:\/\/reneaguirrephd.com\/es\/#\/schema\/person\/c152e72f8b632e25cc4213a2639a52ba"},"headline":"Saint Firma Convenio con la Universidad Dr. Rafael Belloso Chac\u00edn","datePublished":"2014-07-24T14:10:00+00:00","dateModified":"2022-06-20T16:22:01+00:00","mainEntityOfPage":{"@id":"https:\/\/reneaguirrephd.com\/es\/2014\/07\/24\/saint-firma-convenio-con-la-universidad-dr-rafael-belloso-chacin\/"},"wordCount":144,"commentCount":0,"publisher":{"@id":"https:\/\/reneaguirrephd.com\/es\/#organization"},"image":{"@id":"https:\/\/reneaguirrephd.com\/es\/2014\/07\/24\/saint-firma-convenio-con-la-universidad-dr-rafael-belloso-chacin\/#primaryimage"},"thumbnailUrl":"https:\/\/reneaguirrephd.com\/es\/wp-content\/uploads\/2014\/07\/saint-urbe.jpg","articleSection":["Prensa"],"inLanguage":"es","potentialAction":[{"@type":"CommentAction","name":"Comment","target":["https:\/\/reneaguirrephd.com\/es\/2014\/07\/24\/saint-firma-convenio-con-la-universidad-dr-rafael-belloso-chacin\/#respond"]}]},{"@type":"WebPage","@id":"https:\/\/reneaguirrephd.com\/es\/2014\/07\/24\/saint-firma-convenio-con-la-universidad-dr-rafael-belloso-chacin\/","url":"https:\/\/reneaguirrephd.com\/es\/2014\/07\/24\/saint-firma-convenio-con-la-universidad-dr-rafael-belloso-chacin\/","name":"Saint Firma Convenio con la Universidad Dr. Rafael Belloso Chac\u00edn - Rene Aguirre, PhD","isPartOf":{"@id":"https:\/\/reneaguirrephd.com\/es\/#website"},"primaryImageOfPage":{"@id":"https:\/\/reneaguirrephd.com\/es\/2014\/07\/24\/saint-firma-convenio-con-la-universidad-dr-rafael-belloso-chacin\/#primaryimage"},"image":{"@id":"https:\/\/reneaguirrephd.com\/es\/2014\/07\/24\/saint-firma-convenio-con-la-universidad-dr-rafael-belloso-chacin\/#primaryimage"},"thumbnailUrl":"https:\/\/reneaguirrephd.com\/es\/wp-content\/uploads\/2014\/07\/saint-urbe.jpg","datePublished":"2014-07-24T14:10:00+00:00","dateModified":"2022-06-20T16:22:01+00:00","breadcrumb":{"@id":"https:\/\/reneaguirrephd.com\/es\/2014\/07\/24\/saint-firma-convenio-con-la-universidad-dr-rafael-belloso-chacin\/#breadcrumb"},"inLanguage":"es","potentialAction":[{"@type":"ReadAction","target":["https:\/\/reneaguirrephd.com\/es\/2014\/07\/24\/saint-firma-convenio-con-la-universidad-dr-rafael-belloso-chacin\/"]}]},{"@type":"ImageObject","inLanguage":"es","@id":"https:\/\/reneaguirrephd.com\/es\/2014\/07\/24\/saint-firma-convenio-con-la-universidad-dr-rafael-belloso-chacin\/#primaryimage","url":"https:\/\/reneaguirrephd.com\/es\/wp-content\/uploads\/2014\/07\/saint-urbe.jpg","contentUrl":"https:\/\/reneaguirrephd.com\/es\/wp-content\/uploads\/2014\/07\/saint-urbe.jpg","width":640,"height":283},{"@type":"BreadcrumbList","@id":"https:\/\/reneaguirrephd.com\/es\/2014\/07\/24\/saint-firma-convenio-con-la-universidad-dr-rafael-belloso-chacin\/#breadcrumb","itemListElement":[{"@type":"ListItem","position":1,"name":"Portada","item":"https:\/\/reneaguirrephd.com\/es\/"},{"@type":"ListItem","position":2,"name":"Saint Firma Convenio con la Universidad Dr. Rafael Belloso Chac\u00edn"}]},{"@type":"WebSite","@id":"https:\/\/reneaguirrephd.com\/es\/#website","url":"https:\/\/reneaguirrephd.com\/es\/","name":"Rene Aguirre, PhD","description":"","publisher":{"@id":"https:\/\/reneaguirrephd.com\/es\/#organization"},"potentialAction":[{"@type":"SearchAction","target":{"@type":"EntryPoint","urlTemplate":"https:\/\/reneaguirrephd.com\/es\/?s={search_term_string}"},"query-input":{"@type":"PropertyValueSpecification","valueRequired":true,"valueName":"search_term_string"}}],"inLanguage":"es"},{"@type":"Organization","@id":"https:\/\/reneaguirrephd.com\/es\/#organization","name":"Rene Aguirre, PhD","url":"https:\/\/reneaguirrephd.com\/es\/","logo":{"@type":"ImageObject","inLanguage":"es","@id":"https:\/\/reneaguirrephd.com\/es\/#\/schema\/logo\/image\/","url":"https:\/\/reneaguirrephd.com\/es\/wp-content\/uploads\/2022\/01\/logo.png","contentUrl":"https:\/\/reneaguirrephd.com\/es\/wp-content\/uploads\/2022\/01\/logo.png","width":180,"height":172,"caption":"Rene Aguirre, PhD"},"image":{"@id":"https:\/\/reneaguirrephd.com\/es\/#\/schema\/logo\/image\/"}},{"@type":"Person","@id":"https:\/\/reneaguirrephd.com\/es\/#\/schema\/person\/c152e72f8b632e25cc4213a2639a52ba","name":"Ren\u00e9 Aguirre, PhD","image":{"@type":"ImageObject","inLanguage":"es","@id":"https:\/\/reneaguirrephd.com\/es\/#\/schema\/person\/image\/","url":"https:\/\/secure.gravatar.com\/avatar\/b9eb26e4a29c146eaa6ee20087a0f855bab1b327daeedcdad012600256bcfae3?s=96&d=mm&r=g","contentUrl":"https:\/\/secure.gravatar.com\/avatar\/b9eb26e4a29c146eaa6ee20087a0f855bab1b327daeedcdad012600256bcfae3?s=96&d=mm&r=g","caption":"Ren\u00e9 Aguirre, PhD"},"sameAs":["https:\/\/reneaguirrephd.com\/es"],"url":"https:\/\/reneaguirrephd.com\/es\/author\/admin\/"}]}},"_links":{"self":[{"href":"https:\/\/reneaguirrephd.com\/es\/wp-json\/wp\/v2\/posts\/2204","targetHints":{"allow":["GET"]}}],"collection":[{"href":"https:\/\/reneaguirrephd.com\/es\/wp-json\/wp\/v2\/posts"}],"about":[{"href":"https:\/\/reneaguirrephd.com\/es\/wp-json\/wp\/v2\/types\/post"}],"author":[{"embeddable":true,"href":"https:\/\/reneaguirrephd.com\/es\/wp-json\/wp\/v2\/users\/1"}],"replies":[{"embeddable":true,"href":"https:\/\/reneaguirrephd.com\/es\/wp-json\/wp\/v2\/comments?post=2204"}],"version-history":[{"count":8,"href":"https:\/\/reneaguirrephd.com\/es\/wp-json\/wp\/v2\/posts\/2204\/revisions"}],"predecessor-version":[{"id":2226,"href":"https:\/\/reneaguirrephd.com\/es\/wp-json\/wp\/v2\/posts\/2204\/revisions\/2226"}],"wp:featuredmedia":[{"embeddable":true,"href":"https:\/\/reneaguirrephd.com\/es\/wp-json\/wp\/v2\/media\/2223"}],"wp:attachment":[{"href":"https:\/\/reneaguirrephd.com\/es\/wp-json\/wp\/v2\/media?parent=2204"}],"wp:term":[{"taxonomy":"category","embeddable":true,"href":"https:\/\/reneaguirrephd.com\/es\/wp-json\/wp\/v2\/categories?post=2204"},{"taxonomy":"post_tag","embeddable":true,"href":"https:\/\/reneaguirrephd.com\/es\/wp-json\/wp\/v2\/tags?post=2204"}],"curies":[{"name":"wp","href":"https:\/\/api.w.org\/{rel}","templated":true}]}}