{"id":2169,"date":"2016-02-03T10:10:00","date_gmt":"2016-02-03T14:10:00","guid":{"rendered":"https:\/\/reneaguirrephd.com\/es\/?p=2169"},"modified":"2022-06-18T19:02:21","modified_gmt":"2022-06-18T23:02:21","slug":"firmado-convenio-marco-de-cooperacion-interinstitucional","status":"publish","type":"post","link":"https:\/\/reneaguirrephd.com\/es\/2016\/02\/03\/firmado-convenio-marco-de-cooperacion-interinstitucional\/","title":{"rendered":"Firmado\u00a0convenio marco de cooperaci\u00f3n interinstitucional"},"content":{"rendered":"\t\t<div data-elementor-type=\"wp-post\" data-elementor-id=\"2169\" class=\"elementor elementor-2169\">\n\t\t\t\t\t\t<section class=\"elementor-section elementor-top-section elementor-element elementor-element-a20f745 elementor-section-boxed elementor-section-height-default elementor-section-height-default\" data-id=\"a20f745\" data-element_type=\"section\">\n\t\t\t\t\t\t<div class=\"elementor-container elementor-column-gap-default\">\n\t\t\t\t\t<div class=\"elementor-column elementor-col-100 elementor-top-column elementor-element elementor-element-83ce4ff\" data-id=\"83ce4ff\" data-element_type=\"column\">\n\t\t\t<div class=\"elementor-widget-wrap elementor-element-populated\">\n\t\t\t\t\t\t<div class=\"elementor-element elementor-element-38cc3a3 elementor-widget elementor-widget-heading\" data-id=\"38cc3a3\" data-element_type=\"widget\" data-widget_type=\"heading.default\">\n\t\t\t\t<div class=\"elementor-widget-container\">\n\t\t\t\t\t<h3 class=\"elementor-heading-title elementor-size-default\">Firmado convenio marco de cooperaci\u00f3n interinstitucional<\/h3>\t\t\t\t<\/div>\n\t\t\t\t<\/div>\n\t\t\t\t\t<\/div>\n\t\t<\/div>\n\t\t\t\t\t<\/div>\n\t\t<\/section>\n\t\t\t\t<section class=\"elementor-section elementor-top-section elementor-element elementor-element-71c6f26 elementor-section-boxed elementor-section-height-default elementor-section-height-default\" data-id=\"71c6f26\" data-element_type=\"section\">\n\t\t\t\t\t\t<div class=\"elementor-container elementor-column-gap-default\">\n\t\t\t\t\t<div class=\"elementor-column elementor-col-100 elementor-top-column elementor-element elementor-element-bc3a2f6\" data-id=\"bc3a2f6\" data-element_type=\"column\">\n\t\t\t<div class=\"elementor-widget-wrap elementor-element-populated\">\n\t\t\t\t\t\t<section class=\"elementor-section elementor-inner-section elementor-element elementor-element-2e2ab9c elementor-section-boxed elementor-section-height-default elementor-section-height-default\" data-id=\"2e2ab9c\" data-element_type=\"section\">\n\t\t\t\t\t\t<div class=\"elementor-container elementor-column-gap-default\">\n\t\t\t\t\t<div class=\"elementor-column elementor-col-50 elementor-inner-column elementor-element elementor-element-18534d1\" data-id=\"18534d1\" data-element_type=\"column\">\n\t\t\t<div class=\"elementor-widget-wrap elementor-element-populated\">\n\t\t\t\t\t\t<div class=\"elementor-element elementor-element-7963ac9 elementor-widget elementor-widget-image\" data-id=\"7963ac9\" data-element_type=\"widget\" data-widget_type=\"image.default\">\n\t\t\t\t<div class=\"elementor-widget-container\">\n\t\t\t\t\t\t\t\t\t\t\t\t\t\t\t<img fetchpriority=\"high\" decoding=\"async\" width=\"550\" height=\"370\" src=\"https:\/\/reneaguirrephd.com\/es\/wp-content\/uploads\/2016\/02\/convenioVenezuela.png\" class=\"attachment-full size-full wp-image-2171\" alt=\"\" srcset=\"https:\/\/reneaguirrephd.com\/es\/wp-content\/uploads\/2016\/02\/convenioVenezuela.png 550w, https:\/\/reneaguirrephd.com\/es\/wp-content\/uploads\/2016\/02\/convenioVenezuela-300x202.png 300w\" sizes=\"(max-width: 550px) 100vw, 550px\" \/>\t\t\t\t\t\t\t\t\t\t\t\t\t\t\t<\/div>\n\t\t\t\t<\/div>\n\t\t\t\t\t<\/div>\n\t\t<\/div>\n\t\t\t\t<div class=\"elementor-column elementor-col-50 elementor-inner-column elementor-element elementor-element-592ab67\" data-id=\"592ab67\" data-element_type=\"column\">\n\t\t\t<div class=\"elementor-widget-wrap elementor-element-populated\">\n\t\t\t\t\t\t<div class=\"elementor-element elementor-element-b5790f2 elementor-widget elementor-widget-text-editor\" data-id=\"b5790f2\" data-element_type=\"widget\" data-widget_type=\"text-editor.default\">\n\t\t\t\t<div class=\"elementor-widget-container\">\n\t\t\t\t\t\t\t\t\t<p>Con la presencia de las directivas en pleno de la Universidad Rafael Belloso Chac\u00edn de Maracaibo, Venezuela, al igual que las directivas de la Universidad Popular del Cesar, se realiz\u00f3 la protocolizaci\u00f3n y firma de un Convenio Marco de Cooperaci\u00f3n Interinstitucional entre estas dos Instituciones de Educaci\u00f3n Superior.<\/p><p>El convenio, que fue firmado en la sala de juntas de la rector\u00eda de la UPC, tiene por objeto fomentar v\u00ednculos de cooperaci\u00f3n institucional entre ambas partes, para aunar esfuerzos que permitan identificar \u00e1reas de inter\u00e9s com\u00fan para el desarrollo de proyectos y programas de \u00edndole docente, investigaci\u00f3n, extensi\u00f3n, cultural y de servicios en general.<\/p><p>De igual manera se busca con este convenio desarrollar acciones mancomunadas tendientes a incidir en los esfuerzos para el logro de la integraci\u00f3n acad\u00e9mica entre ambos pa\u00edses.<\/p>\t\t\t\t\t\t\t\t<\/div>\n\t\t\t\t<\/div>\n\t\t\t\t\t<\/div>\n\t\t<\/div>\n\t\t\t\t\t<\/div>\n\t\t<\/section>\n\t\t\t\t\t<\/div>\n\t\t<\/div>\n\t\t\t\t\t<\/div>\n\t\t<\/section>\n\t\t\t\t<section class=\"elementor-section elementor-top-section elementor-element elementor-element-1b18076 elementor-section-boxed elementor-section-height-default elementor-section-height-default\" data-id=\"1b18076\" data-element_type=\"section\">\n\t\t\t\t\t\t<div class=\"elementor-container elementor-column-gap-default\">\n\t\t\t\t\t<div class=\"elementor-column elementor-col-100 elementor-top-column elementor-element elementor-element-b1024af\" data-id=\"b1024af\" data-element_type=\"column\">\n\t\t\t<div class=\"elementor-widget-wrap elementor-element-populated\">\n\t\t\t\t\t\t<div class=\"elementor-element elementor-element-0926d74 elementor-widget elementor-widget-text-editor\" data-id=\"0926d74\" data-element_type=\"widget\" data-widget_type=\"text-editor.default\">\n\t\t\t\t<div class=\"elementor-widget-container\">\n\t\t\t\t\t\t\t\t\t<h4>Leer M\u00e1s:<\/h4><div>\u00a0<\/div><div><strong>Universidad Popular del Cesar:<\/strong><\/div><div><a style=\"color: #020f78;\" href=\"https:\/\/www.unicesar.edu.co\/index.php\/es\/noticias\/academia\/1220-firmado-convenio-marco-de-cooperacion-interinstitucional\" target=\"_blank\" rel=\"noopener\">https:\/\/www.unicesar.edu.co\/index.php\/es\/noticias\/academia\/1220-firmado-convenio-marco-de-cooperacion-interinstitucional<\/a><\/div>\t\t\t\t\t\t\t\t<\/div>\n\t\t\t\t<\/div>\n\t\t\t\t\t<\/div>\n\t\t<\/div>\n\t\t\t\t\t<\/div>\n\t\t<\/section>\n\t\t\t\t<\/div>\n\t\t","protected":false},"excerpt":{"rendered":"<p>Firmado convenio marco de cooperaci\u00f3n interinstitucional Con la presencia de las directivas en pleno de la Universidad Rafael Belloso Chac\u00edn de Maracaibo, Venezuela, al igual que las directivas de la Universidad Popular del Cesar, se realiz\u00f3 la protocolizaci\u00f3n y firma de un Convenio Marco de Cooperaci\u00f3n Interinstitucional entre estas dos Instituciones de Educaci\u00f3n Superior. El [&hellip;]<\/p>\n","protected":false},"author":1,"featured_media":2171,"comment_status":"open","ping_status":"open","sticky":false,"template":"","format":"standard","meta":{"footnotes":""},"categories":[31],"tags":[],"class_list":["post-2169","post","type-post","status-publish","format-standard","has-post-thumbnail","hentry","category-prensa"],"yoast_head":"<!-- This site is optimized with the Yoast SEO Premium plugin v20.6 (Yoast SEO v25.6) - https:\/\/yoast.com\/wordpress\/plugins\/seo\/ -->\n<title>Firmado\u00a0convenio marco de cooperaci\u00f3n interinstitucional - Rene Aguirre, PhD<\/title>\n<meta name=\"robots\" content=\"index, follow, max-snippet:-1, max-image-preview:large, max-video-preview:-1\" \/>\n<link rel=\"canonical\" href=\"https:\/\/reneaguirrephd.com\/es\/2016\/02\/03\/firmado-convenio-marco-de-cooperacion-interinstitucional\/\" \/>\n<meta property=\"og:locale\" content=\"es_ES\" \/>\n<meta property=\"og:type\" content=\"article\" \/>\n<meta property=\"og:title\" content=\"Firmado\u00a0convenio marco de cooperaci\u00f3n interinstitucional\" \/>\n<meta property=\"og:description\" content=\"Firmado convenio marco de cooperaci\u00f3n interinstitucional Con la presencia de las directivas en pleno de la Universidad Rafael Belloso Chac\u00edn de Maracaibo, Venezuela, al igual que las directivas de la Universidad Popular del Cesar, se realiz\u00f3 la protocolizaci\u00f3n y firma de un Convenio Marco de Cooperaci\u00f3n Interinstitucional entre estas dos Instituciones de Educaci\u00f3n Superior. El [&hellip;]\" \/>\n<meta property=\"og:url\" content=\"https:\/\/reneaguirrephd.com\/es\/2016\/02\/03\/firmado-convenio-marco-de-cooperacion-interinstitucional\/\" \/>\n<meta property=\"og:site_name\" content=\"Rene Aguirre, PhD\" \/>\n<meta property=\"article:published_time\" content=\"2016-02-03T14:10:00+00:00\" \/>\n<meta property=\"article:modified_time\" content=\"2022-06-18T23:02:21+00:00\" \/>\n<meta property=\"og:image\" content=\"https:\/\/reneaguirrephd.com\/es\/wp-content\/uploads\/2016\/02\/convenioVenezuela.png\" \/>\n\t<meta property=\"og:image:width\" content=\"550\" \/>\n\t<meta property=\"og:image:height\" content=\"370\" \/>\n\t<meta property=\"og:image:type\" content=\"image\/png\" \/>\n<meta name=\"author\" content=\"Ren\u00e9 Aguirre, PhD\" \/>\n<meta name=\"twitter:card\" content=\"summary_large_image\" \/>\n<meta name=\"twitter:label1\" content=\"Escrito por\" \/>\n\t<meta name=\"twitter:data1\" content=\"Ren\u00e9 Aguirre, PhD\" \/>\n\t<meta name=\"twitter:label2\" content=\"Tiempo estimado de lectura\" \/>\n\t<meta name=\"twitter:data2\" content=\"1 minuto\" \/>\n<script type=\"application\/ld+json\" class=\"yoast-schema-graph\">{\"@context\":\"https:\/\/schema.org\",\"@graph\":[{\"@type\":\"Article\",\"@id\":\"https:\/\/reneaguirrephd.com\/es\/2016\/02\/03\/firmado-convenio-marco-de-cooperacion-interinstitucional\/#article\",\"isPartOf\":{\"@id\":\"https:\/\/reneaguirrephd.com\/es\/2016\/02\/03\/firmado-convenio-marco-de-cooperacion-interinstitucional\/\"},\"author\":{\"name\":\"Ren\u00e9 Aguirre, PhD\",\"@id\":\"https:\/\/reneaguirrephd.com\/es\/#\/schema\/person\/c152e72f8b632e25cc4213a2639a52ba\"},\"headline\":\"Firmado\u00a0convenio marco de cooperaci\u00f3n interinstitucional\",\"datePublished\":\"2016-02-03T14:10:00+00:00\",\"dateModified\":\"2022-06-18T23:02:21+00:00\",\"mainEntityOfPage\":{\"@id\":\"https:\/\/reneaguirrephd.com\/es\/2016\/02\/03\/firmado-convenio-marco-de-cooperacion-interinstitucional\/\"},\"wordCount\":176,\"commentCount\":0,\"publisher\":{\"@id\":\"https:\/\/reneaguirrephd.com\/es\/#organization\"},\"image\":{\"@id\":\"https:\/\/reneaguirrephd.com\/es\/2016\/02\/03\/firmado-convenio-marco-de-cooperacion-interinstitucional\/#primaryimage\"},\"thumbnailUrl\":\"https:\/\/reneaguirrephd.com\/es\/wp-content\/uploads\/2016\/02\/convenioVenezuela.png\",\"articleSection\":[\"Prensa\"],\"inLanguage\":\"es\",\"potentialAction\":[{\"@type\":\"CommentAction\",\"name\":\"Comment\",\"target\":[\"https:\/\/reneaguirrephd.com\/es\/2016\/02\/03\/firmado-convenio-marco-de-cooperacion-interinstitucional\/#respond\"]}]},{\"@type\":\"WebPage\",\"@id\":\"https:\/\/reneaguirrephd.com\/es\/2016\/02\/03\/firmado-convenio-marco-de-cooperacion-interinstitucional\/\",\"url\":\"https:\/\/reneaguirrephd.com\/es\/2016\/02\/03\/firmado-convenio-marco-de-cooperacion-interinstitucional\/\",\"name\":\"Firmado\u00a0convenio marco de cooperaci\u00f3n interinstitucional - Rene Aguirre, PhD\",\"isPartOf\":{\"@id\":\"https:\/\/reneaguirrephd.com\/es\/#website\"},\"primaryImageOfPage\":{\"@id\":\"https:\/\/reneaguirrephd.com\/es\/2016\/02\/03\/firmado-convenio-marco-de-cooperacion-interinstitucional\/#primaryimage\"},\"image\":{\"@id\":\"https:\/\/reneaguirrephd.com\/es\/2016\/02\/03\/firmado-convenio-marco-de-cooperacion-interinstitucional\/#primaryimage\"},\"thumbnailUrl\":\"https:\/\/reneaguirrephd.com\/es\/wp-content\/uploads\/2016\/02\/convenioVenezuela.png\",\"datePublished\":\"2016-02-03T14:10:00+00:00\",\"dateModified\":\"2022-06-18T23:02:21+00:00\",\"breadcrumb\":{\"@id\":\"https:\/\/reneaguirrephd.com\/es\/2016\/02\/03\/firmado-convenio-marco-de-cooperacion-interinstitucional\/#breadcrumb\"},\"inLanguage\":\"es\",\"potentialAction\":[{\"@type\":\"ReadAction\",\"target\":[\"https:\/\/reneaguirrephd.com\/es\/2016\/02\/03\/firmado-convenio-marco-de-cooperacion-interinstitucional\/\"]}]},{\"@type\":\"ImageObject\",\"inLanguage\":\"es\",\"@id\":\"https:\/\/reneaguirrephd.com\/es\/2016\/02\/03\/firmado-convenio-marco-de-cooperacion-interinstitucional\/#primaryimage\",\"url\":\"https:\/\/reneaguirrephd.com\/es\/wp-content\/uploads\/2016\/02\/convenioVenezuela.png\",\"contentUrl\":\"https:\/\/reneaguirrephd.com\/es\/wp-content\/uploads\/2016\/02\/convenioVenezuela.png\",\"width\":550,\"height\":370},{\"@type\":\"BreadcrumbList\",\"@id\":\"https:\/\/reneaguirrephd.com\/es\/2016\/02\/03\/firmado-convenio-marco-de-cooperacion-interinstitucional\/#breadcrumb\",\"itemListElement\":[{\"@type\":\"ListItem\",\"position\":1,\"name\":\"Portada\",\"item\":\"https:\/\/reneaguirrephd.com\/es\/\"},{\"@type\":\"ListItem\",\"position\":2,\"name\":\"Firmado\u00a0convenio marco de cooperaci\u00f3n interinstitucional\"}]},{\"@type\":\"WebSite\",\"@id\":\"https:\/\/reneaguirrephd.com\/es\/#website\",\"url\":\"https:\/\/reneaguirrephd.com\/es\/\",\"name\":\"Rene Aguirre, PhD\",\"description\":\"\",\"publisher\":{\"@id\":\"https:\/\/reneaguirrephd.com\/es\/#organization\"},\"potentialAction\":[{\"@type\":\"SearchAction\",\"target\":{\"@type\":\"EntryPoint\",\"urlTemplate\":\"https:\/\/reneaguirrephd.com\/es\/?s={search_term_string}\"},\"query-input\":{\"@type\":\"PropertyValueSpecification\",\"valueRequired\":true,\"valueName\":\"search_term_string\"}}],\"inLanguage\":\"es\"},{\"@type\":\"Organization\",\"@id\":\"https:\/\/reneaguirrephd.com\/es\/#organization\",\"name\":\"Rene Aguirre, PhD\",\"url\":\"https:\/\/reneaguirrephd.com\/es\/\",\"logo\":{\"@type\":\"ImageObject\",\"inLanguage\":\"es\",\"@id\":\"https:\/\/reneaguirrephd.com\/es\/#\/schema\/logo\/image\/\",\"url\":\"https:\/\/reneaguirrephd.com\/es\/wp-content\/uploads\/2022\/01\/logo.png\",\"contentUrl\":\"https:\/\/reneaguirrephd.com\/es\/wp-content\/uploads\/2022\/01\/logo.png\",\"width\":180,\"height\":172,\"caption\":\"Rene Aguirre, PhD\"},\"image\":{\"@id\":\"https:\/\/reneaguirrephd.com\/es\/#\/schema\/logo\/image\/\"}},{\"@type\":\"Person\",\"@id\":\"https:\/\/reneaguirrephd.com\/es\/#\/schema\/person\/c152e72f8b632e25cc4213a2639a52ba\",\"name\":\"Ren\u00e9 Aguirre, PhD\",\"image\":{\"@type\":\"ImageObject\",\"inLanguage\":\"es\",\"@id\":\"https:\/\/reneaguirrephd.com\/es\/#\/schema\/person\/image\/\",\"url\":\"https:\/\/secure.gravatar.com\/avatar\/b9eb26e4a29c146eaa6ee20087a0f855bab1b327daeedcdad012600256bcfae3?s=96&d=mm&r=g\",\"contentUrl\":\"https:\/\/secure.gravatar.com\/avatar\/b9eb26e4a29c146eaa6ee20087a0f855bab1b327daeedcdad012600256bcfae3?s=96&d=mm&r=g\",\"caption\":\"Ren\u00e9 Aguirre, PhD\"},\"sameAs\":[\"https:\/\/reneaguirrephd.com\/es\"],\"url\":\"https:\/\/reneaguirrephd.com\/es\/author\/admin\/\"}]}<\/script>\n<!-- \/ Yoast SEO Premium plugin. -->","yoast_head_json":{"title":"Firmado\u00a0convenio marco de cooperaci\u00f3n interinstitucional - Rene Aguirre, PhD","robots":{"index":"index","follow":"follow","max-snippet":"max-snippet:-1","max-image-preview":"max-image-preview:large","max-video-preview":"max-video-preview:-1"},"canonical":"https:\/\/reneaguirrephd.com\/es\/2016\/02\/03\/firmado-convenio-marco-de-cooperacion-interinstitucional\/","og_locale":"es_ES","og_type":"article","og_title":"Firmado\u00a0convenio marco de cooperaci\u00f3n interinstitucional","og_description":"Firmado convenio marco de cooperaci\u00f3n interinstitucional Con la presencia de las directivas en pleno de la Universidad Rafael Belloso Chac\u00edn de Maracaibo, Venezuela, al igual que las directivas de la Universidad Popular del Cesar, se realiz\u00f3 la protocolizaci\u00f3n y firma de un Convenio Marco de Cooperaci\u00f3n Interinstitucional entre estas dos Instituciones de Educaci\u00f3n Superior. El [&hellip;]","og_url":"https:\/\/reneaguirrephd.com\/es\/2016\/02\/03\/firmado-convenio-marco-de-cooperacion-interinstitucional\/","og_site_name":"Rene Aguirre, PhD","article_published_time":"2016-02-03T14:10:00+00:00","article_modified_time":"2022-06-18T23:02:21+00:00","og_image":[{"width":550,"height":370,"url":"https:\/\/reneaguirrephd.com\/es\/wp-content\/uploads\/2016\/02\/convenioVenezuela.png","type":"image\/png"}],"author":"Ren\u00e9 Aguirre, PhD","twitter_card":"summary_large_image","twitter_misc":{"Escrito por":"Ren\u00e9 Aguirre, PhD","Tiempo estimado de lectura":"1 minuto"},"schema":{"@context":"https:\/\/schema.org","@graph":[{"@type":"Article","@id":"https:\/\/reneaguirrephd.com\/es\/2016\/02\/03\/firmado-convenio-marco-de-cooperacion-interinstitucional\/#article","isPartOf":{"@id":"https:\/\/reneaguirrephd.com\/es\/2016\/02\/03\/firmado-convenio-marco-de-cooperacion-interinstitucional\/"},"author":{"name":"Ren\u00e9 Aguirre, PhD","@id":"https:\/\/reneaguirrephd.com\/es\/#\/schema\/person\/c152e72f8b632e25cc4213a2639a52ba"},"headline":"Firmado\u00a0convenio marco de cooperaci\u00f3n interinstitucional","datePublished":"2016-02-03T14:10:00+00:00","dateModified":"2022-06-18T23:02:21+00:00","mainEntityOfPage":{"@id":"https:\/\/reneaguirrephd.com\/es\/2016\/02\/03\/firmado-convenio-marco-de-cooperacion-interinstitucional\/"},"wordCount":176,"commentCount":0,"publisher":{"@id":"https:\/\/reneaguirrephd.com\/es\/#organization"},"image":{"@id":"https:\/\/reneaguirrephd.com\/es\/2016\/02\/03\/firmado-convenio-marco-de-cooperacion-interinstitucional\/#primaryimage"},"thumbnailUrl":"https:\/\/reneaguirrephd.com\/es\/wp-content\/uploads\/2016\/02\/convenioVenezuela.png","articleSection":["Prensa"],"inLanguage":"es","potentialAction":[{"@type":"CommentAction","name":"Comment","target":["https:\/\/reneaguirrephd.com\/es\/2016\/02\/03\/firmado-convenio-marco-de-cooperacion-interinstitucional\/#respond"]}]},{"@type":"WebPage","@id":"https:\/\/reneaguirrephd.com\/es\/2016\/02\/03\/firmado-convenio-marco-de-cooperacion-interinstitucional\/","url":"https:\/\/reneaguirrephd.com\/es\/2016\/02\/03\/firmado-convenio-marco-de-cooperacion-interinstitucional\/","name":"Firmado\u00a0convenio marco de cooperaci\u00f3n interinstitucional - Rene Aguirre, PhD","isPartOf":{"@id":"https:\/\/reneaguirrephd.com\/es\/#website"},"primaryImageOfPage":{"@id":"https:\/\/reneaguirrephd.com\/es\/2016\/02\/03\/firmado-convenio-marco-de-cooperacion-interinstitucional\/#primaryimage"},"image":{"@id":"https:\/\/reneaguirrephd.com\/es\/2016\/02\/03\/firmado-convenio-marco-de-cooperacion-interinstitucional\/#primaryimage"},"thumbnailUrl":"https:\/\/reneaguirrephd.com\/es\/wp-content\/uploads\/2016\/02\/convenioVenezuela.png","datePublished":"2016-02-03T14:10:00+00:00","dateModified":"2022-06-18T23:02:21+00:00","breadcrumb":{"@id":"https:\/\/reneaguirrephd.com\/es\/2016\/02\/03\/firmado-convenio-marco-de-cooperacion-interinstitucional\/#breadcrumb"},"inLanguage":"es","potentialAction":[{"@type":"ReadAction","target":["https:\/\/reneaguirrephd.com\/es\/2016\/02\/03\/firmado-convenio-marco-de-cooperacion-interinstitucional\/"]}]},{"@type":"ImageObject","inLanguage":"es","@id":"https:\/\/reneaguirrephd.com\/es\/2016\/02\/03\/firmado-convenio-marco-de-cooperacion-interinstitucional\/#primaryimage","url":"https:\/\/reneaguirrephd.com\/es\/wp-content\/uploads\/2016\/02\/convenioVenezuela.png","contentUrl":"https:\/\/reneaguirrephd.com\/es\/wp-content\/uploads\/2016\/02\/convenioVenezuela.png","width":550,"height":370},{"@type":"BreadcrumbList","@id":"https:\/\/reneaguirrephd.com\/es\/2016\/02\/03\/firmado-convenio-marco-de-cooperacion-interinstitucional\/#breadcrumb","itemListElement":[{"@type":"ListItem","position":1,"name":"Portada","item":"https:\/\/reneaguirrephd.com\/es\/"},{"@type":"ListItem","position":2,"name":"Firmado\u00a0convenio marco de cooperaci\u00f3n interinstitucional"}]},{"@type":"WebSite","@id":"https:\/\/reneaguirrephd.com\/es\/#website","url":"https:\/\/reneaguirrephd.com\/es\/","name":"Rene Aguirre, PhD","description":"","publisher":{"@id":"https:\/\/reneaguirrephd.com\/es\/#organization"},"potentialAction":[{"@type":"SearchAction","target":{"@type":"EntryPoint","urlTemplate":"https:\/\/reneaguirrephd.com\/es\/?s={search_term_string}"},"query-input":{"@type":"PropertyValueSpecification","valueRequired":true,"valueName":"search_term_string"}}],"inLanguage":"es"},{"@type":"Organization","@id":"https:\/\/reneaguirrephd.com\/es\/#organization","name":"Rene Aguirre, PhD","url":"https:\/\/reneaguirrephd.com\/es\/","logo":{"@type":"ImageObject","inLanguage":"es","@id":"https:\/\/reneaguirrephd.com\/es\/#\/schema\/logo\/image\/","url":"https:\/\/reneaguirrephd.com\/es\/wp-content\/uploads\/2022\/01\/logo.png","contentUrl":"https:\/\/reneaguirrephd.com\/es\/wp-content\/uploads\/2022\/01\/logo.png","width":180,"height":172,"caption":"Rene Aguirre, PhD"},"image":{"@id":"https:\/\/reneaguirrephd.com\/es\/#\/schema\/logo\/image\/"}},{"@type":"Person","@id":"https:\/\/reneaguirrephd.com\/es\/#\/schema\/person\/c152e72f8b632e25cc4213a2639a52ba","name":"Ren\u00e9 Aguirre, PhD","image":{"@type":"ImageObject","inLanguage":"es","@id":"https:\/\/reneaguirrephd.com\/es\/#\/schema\/person\/image\/","url":"https:\/\/secure.gravatar.com\/avatar\/b9eb26e4a29c146eaa6ee20087a0f855bab1b327daeedcdad012600256bcfae3?s=96&d=mm&r=g","contentUrl":"https:\/\/secure.gravatar.com\/avatar\/b9eb26e4a29c146eaa6ee20087a0f855bab1b327daeedcdad012600256bcfae3?s=96&d=mm&r=g","caption":"Ren\u00e9 Aguirre, PhD"},"sameAs":["https:\/\/reneaguirrephd.com\/es"],"url":"https:\/\/reneaguirrephd.com\/es\/author\/admin\/"}]}},"_links":{"self":[{"href":"https:\/\/reneaguirrephd.com\/es\/wp-json\/wp\/v2\/posts\/2169","targetHints":{"allow":["GET"]}}],"collection":[{"href":"https:\/\/reneaguirrephd.com\/es\/wp-json\/wp\/v2\/posts"}],"about":[{"href":"https:\/\/reneaguirrephd.com\/es\/wp-json\/wp\/v2\/types\/post"}],"author":[{"embeddable":true,"href":"https:\/\/reneaguirrephd.com\/es\/wp-json\/wp\/v2\/users\/1"}],"replies":[{"embeddable":true,"href":"https:\/\/reneaguirrephd.com\/es\/wp-json\/wp\/v2\/comments?post=2169"}],"version-history":[{"count":10,"href":"https:\/\/reneaguirrephd.com\/es\/wp-json\/wp\/v2\/posts\/2169\/revisions"}],"predecessor-version":[{"id":2180,"href":"https:\/\/reneaguirrephd.com\/es\/wp-json\/wp\/v2\/posts\/2169\/revisions\/2180"}],"wp:featuredmedia":[{"embeddable":true,"href":"https:\/\/reneaguirrephd.com\/es\/wp-json\/wp\/v2\/media\/2171"}],"wp:attachment":[{"href":"https:\/\/reneaguirrephd.com\/es\/wp-json\/wp\/v2\/media?parent=2169"}],"wp:term":[{"taxonomy":"category","embeddable":true,"href":"https:\/\/reneaguirrephd.com\/es\/wp-json\/wp\/v2\/categories?post=2169"},{"taxonomy":"post_tag","embeddable":true,"href":"https:\/\/reneaguirrephd.com\/es\/wp-json\/wp\/v2\/tags?post=2169"}],"curies":[{"name":"wp","href":"https:\/\/api.w.org\/{rel}","templated":true}]}}