{"id":1378,"date":"2018-09-05T10:00:57","date_gmt":"2018-09-05T14:00:57","guid":{"rendered":"https:\/\/reneaguirrephd.com\/es\/?p=1378"},"modified":"2022-05-26T21:13:11","modified_gmt":"2022-05-27T01:13:11","slug":"perspectivas-de-la-economia-gerencial-en-el-contexto-global","status":"publish","type":"post","link":"https:\/\/reneaguirrephd.com\/es\/2018\/09\/05\/perspectivas-de-la-economia-gerencial-en-el-contexto-global\/","title":{"rendered":"Perspectivas de la econom\u00eda gerencial en el contexto global"},"content":{"rendered":"\t\t<div data-elementor-type=\"wp-post\" data-elementor-id=\"1378\" class=\"elementor elementor-1378\">\n\t\t\t\t\t\t<section class=\"elementor-section elementor-top-section elementor-element elementor-element-79525df elementor-section-boxed elementor-section-height-default elementor-section-height-default\" data-id=\"79525df\" data-element_type=\"section\">\n\t\t\t\t\t\t<div class=\"elementor-container elementor-column-gap-default\">\n\t\t\t\t\t<div class=\"elementor-column elementor-col-100 elementor-top-column elementor-element elementor-element-1412b78\" data-id=\"1412b78\" data-element_type=\"column\">\n\t\t\t<div class=\"elementor-widget-wrap elementor-element-populated\">\n\t\t\t\t\t\t<div class=\"elementor-element elementor-element-f3b5433 elementor-widget elementor-widget-heading\" data-id=\"f3b5433\" data-element_type=\"widget\" data-widget_type=\"heading.default\">\n\t\t\t\t<div class=\"elementor-widget-container\">\n\t\t\t\t\t<h3 class=\"elementor-heading-title elementor-size-default\">Perspectivas de la econom\u00eda gerencial en el contexto global<\/h3>\t\t\t\t<\/div>\n\t\t\t\t<\/div>\n\t\t\t\t\t<\/div>\n\t\t<\/div>\n\t\t\t\t\t<\/div>\n\t\t<\/section>\n\t\t\t\t<section class=\"elementor-section elementor-top-section elementor-element elementor-element-07850c8 elementor-section-boxed elementor-section-height-default elementor-section-height-default\" data-id=\"07850c8\" data-element_type=\"section\">\n\t\t\t\t\t\t<div class=\"elementor-container elementor-column-gap-default\">\n\t\t\t\t\t<div class=\"elementor-column elementor-col-100 elementor-top-column elementor-element elementor-element-e84f5b8\" data-id=\"e84f5b8\" data-element_type=\"column\">\n\t\t\t<div class=\"elementor-widget-wrap elementor-element-populated\">\n\t\t\t\t\t\t<section class=\"elementor-section elementor-inner-section elementor-element elementor-element-2d02638 elementor-section-boxed elementor-section-height-default elementor-section-height-default\" data-id=\"2d02638\" data-element_type=\"section\">\n\t\t\t\t\t\t<div class=\"elementor-container elementor-column-gap-default\">\n\t\t\t\t\t<div class=\"elementor-column elementor-col-50 elementor-inner-column elementor-element elementor-element-f7816c6\" data-id=\"f7816c6\" data-element_type=\"column\">\n\t\t\t<div class=\"elementor-widget-wrap elementor-element-populated\">\n\t\t\t\t\t\t<div class=\"elementor-element elementor-element-15371d9 elementor-widget elementor-widget-image\" data-id=\"15371d9\" data-element_type=\"widget\" data-widget_type=\"image.default\">\n\t\t\t\t<div class=\"elementor-widget-container\">\n\t\t\t\t\t\t\t\t\t\t\t\t\t\t\t<img fetchpriority=\"high\" decoding=\"async\" width=\"1296\" height=\"1709\" src=\"https:\/\/reneaguirrephd.com\/es\/wp-content\/uploads\/2022\/05\/cover_issue_2_en_US.jpg\" class=\"attachment-full size-full wp-image-1379\" alt=\"\" srcset=\"https:\/\/reneaguirrephd.com\/es\/wp-content\/uploads\/2022\/05\/cover_issue_2_en_US.jpg 1296w, https:\/\/reneaguirrephd.com\/es\/wp-content\/uploads\/2022\/05\/cover_issue_2_en_US-228x300.jpg 228w, https:\/\/reneaguirrephd.com\/es\/wp-content\/uploads\/2022\/05\/cover_issue_2_en_US-777x1024.jpg 777w, https:\/\/reneaguirrephd.com\/es\/wp-content\/uploads\/2022\/05\/cover_issue_2_en_US-768x1013.jpg 768w, https:\/\/reneaguirrephd.com\/es\/wp-content\/uploads\/2022\/05\/cover_issue_2_en_US-1165x1536.jpg 1165w\" sizes=\"(max-width: 1296px) 100vw, 1296px\" \/>\t\t\t\t\t\t\t\t\t\t\t\t\t\t\t<\/div>\n\t\t\t\t<\/div>\n\t\t\t\t\t<\/div>\n\t\t<\/div>\n\t\t\t\t<div class=\"elementor-column elementor-col-50 elementor-inner-column elementor-element elementor-element-180c83f\" data-id=\"180c83f\" data-element_type=\"column\">\n\t\t\t<div class=\"elementor-widget-wrap elementor-element-populated\">\n\t\t\t\t\t\t<div class=\"elementor-element elementor-element-59ad08a elementor-widget elementor-widget-text-editor\" data-id=\"59ad08a\" data-element_type=\"widget\" data-widget_type=\"text-editor.default\">\n\t\t\t\t<div class=\"elementor-widget-container\">\n\t\t\t\t\t\t\t\t\t<p>El art\u00edculo tiene como prop\u00f3sito examinar a trav\u00e9s de un an\u00e1lisis las perspectivas de la econom\u00eda gerencial en el contexto global, con este fin se desarrolla una investigaci\u00f3n documental, guiada por un dise\u00f1o bibliogr\u00e1fico, formalizando la b\u00fasqueda de informaci\u00f3n en consultas a fuentes te\u00f3ricas, tales como revistas cient\u00edficas y libros.\u00a0 Los hallazgos evidencian que aun cuando el sistema financiero a nivel del mundo se ha venido transformando, no escapa a la crisis en la cual se han visto sumergidas las grandes potencias econ\u00f3micas, producto de riesgos de estancamiento y altas inflaciones. Al punto que se toma la integraci\u00f3n econ\u00f3mica como mecanismo de apalancamiento financiero. Concluyendo que para poder lograr avances socioecon\u00f3micos, hace falta adem\u00e1s de una planificaci\u00f3n estrat\u00e9gica que armonice aspectos micro y macroecon\u00f3micos,\u00a0 transparencia e integridad en la gesti\u00f3n de los recursos.<\/p>\t\t\t\t\t\t\t\t<\/div>\n\t\t\t\t<\/div>\n\t\t\t\t\t<\/div>\n\t\t<\/div>\n\t\t\t\t\t<\/div>\n\t\t<\/section>\n\t\t\t\t\t<\/div>\n\t\t<\/div>\n\t\t\t\t\t<\/div>\n\t\t<\/section>\n\t\t\t\t<section class=\"elementor-section elementor-top-section elementor-element elementor-element-37a1736 elementor-section-boxed elementor-section-height-default elementor-section-height-default\" data-id=\"37a1736\" data-element_type=\"section\">\n\t\t\t\t\t\t<div class=\"elementor-container elementor-column-gap-default\">\n\t\t\t\t\t<div class=\"elementor-column elementor-col-100 elementor-top-column elementor-element elementor-element-ee24e40\" data-id=\"ee24e40\" data-element_type=\"column\">\n\t\t\t<div class=\"elementor-widget-wrap elementor-element-populated\">\n\t\t\t\t\t\t<div class=\"elementor-element elementor-element-5394d91 elementor-align-center elementor-widget elementor-widget-button\" data-id=\"5394d91\" data-element_type=\"widget\" data-widget_type=\"button.default\">\n\t\t\t\t<div class=\"elementor-widget-container\">\n\t\t\t\t\t\t\t\t\t<div class=\"elementor-button-wrapper\">\n\t\t\t\t\t<a class=\"elementor-button elementor-button-link elementor-size-lg\" href=\"https:\/\/publishing.fgu-edu.com\/ojs\/index.php\/RGN\/article\/view\/17\">\n\t\t\t\t\t\t<span class=\"elementor-button-content-wrapper\">\n\t\t\t\t\t\t\t\t\t<span class=\"elementor-button-text\">Leer M\u00e1s<\/span>\n\t\t\t\t\t<\/span>\n\t\t\t\t\t<\/a>\n\t\t\t\t<\/div>\n\t\t\t\t\t\t\t\t<\/div>\n\t\t\t\t<\/div>\n\t\t\t\t\t<\/div>\n\t\t<\/div>\n\t\t\t\t\t<\/div>\n\t\t<\/section>\n\t\t\t\t<\/div>\n\t\t","protected":false},"excerpt":{"rendered":"<p>Perspectivas de la econom\u00eda gerencial en el contexto global El art\u00edculo tiene como prop\u00f3sito examinar a trav\u00e9s de un an\u00e1lisis las perspectivas de la econom\u00eda gerencial en el contexto global, con este fin se desarrolla una investigaci\u00f3n documental, guiada por un dise\u00f1o bibliogr\u00e1fico, formalizando la b\u00fasqueda de informaci\u00f3n en consultas a fuentes te\u00f3ricas, tales como [&hellip;]<\/p>\n","protected":false},"author":1,"featured_media":1379,"comment_status":"open","ping_status":"open","sticky":false,"template":"","format":"standard","meta":{"footnotes":""},"categories":[2],"tags":[],"class_list":["post-1378","post","type-post","status-publish","format-standard","has-post-thumbnail","hentry","category-articulos-cientificos"],"yoast_head":"<!-- This site is optimized with the Yoast SEO Premium plugin v20.6 (Yoast SEO v25.6) - https:\/\/yoast.com\/wordpress\/plugins\/seo\/ -->\n<title>Perspectivas de la econom\u00eda gerencial en el contexto global - Rene Aguirre, PhD<\/title>\n<meta name=\"robots\" content=\"index, follow, max-snippet:-1, max-image-preview:large, max-video-preview:-1\" \/>\n<link rel=\"canonical\" href=\"https:\/\/reneaguirrephd.com\/es\/2018\/09\/05\/perspectivas-de-la-economia-gerencial-en-el-contexto-global\/\" \/>\n<meta property=\"og:locale\" content=\"es_ES\" \/>\n<meta property=\"og:type\" content=\"article\" \/>\n<meta property=\"og:title\" content=\"Perspectivas de la econom\u00eda gerencial en el contexto global\" \/>\n<meta property=\"og:description\" content=\"Perspectivas de la econom\u00eda gerencial en el contexto global El art\u00edculo tiene como prop\u00f3sito examinar a trav\u00e9s de un an\u00e1lisis las perspectivas de la econom\u00eda gerencial en el contexto global, con este fin se desarrolla una investigaci\u00f3n documental, guiada por un dise\u00f1o bibliogr\u00e1fico, formalizando la b\u00fasqueda de informaci\u00f3n en consultas a fuentes te\u00f3ricas, tales como [&hellip;]\" \/>\n<meta property=\"og:url\" content=\"https:\/\/reneaguirrephd.com\/es\/2018\/09\/05\/perspectivas-de-la-economia-gerencial-en-el-contexto-global\/\" \/>\n<meta property=\"og:site_name\" content=\"Rene Aguirre, PhD\" \/>\n<meta property=\"article:published_time\" content=\"2018-09-05T14:00:57+00:00\" \/>\n<meta property=\"article:modified_time\" content=\"2022-05-27T01:13:11+00:00\" \/>\n<meta property=\"og:image\" content=\"https:\/\/reneaguirrephd.com\/es\/wp-content\/uploads\/2022\/05\/cover_issue_2_en_US.jpg\" \/>\n\t<meta property=\"og:image:width\" content=\"1296\" \/>\n\t<meta property=\"og:image:height\" content=\"1709\" \/>\n\t<meta property=\"og:image:type\" content=\"image\/jpeg\" \/>\n<meta name=\"author\" content=\"Ren\u00e9 Aguirre, PhD\" \/>\n<meta name=\"twitter:card\" content=\"summary_large_image\" \/>\n<meta name=\"twitter:label1\" content=\"Escrito por\" \/>\n\t<meta name=\"twitter:data1\" content=\"Ren\u00e9 Aguirre, PhD\" \/>\n\t<meta name=\"twitter:label2\" content=\"Tiempo estimado de lectura\" \/>\n\t<meta name=\"twitter:data2\" content=\"1 minuto\" \/>\n<script type=\"application\/ld+json\" class=\"yoast-schema-graph\">{\"@context\":\"https:\/\/schema.org\",\"@graph\":[{\"@type\":\"Article\",\"@id\":\"https:\/\/reneaguirrephd.com\/es\/2018\/09\/05\/perspectivas-de-la-economia-gerencial-en-el-contexto-global\/#article\",\"isPartOf\":{\"@id\":\"https:\/\/reneaguirrephd.com\/es\/2018\/09\/05\/perspectivas-de-la-economia-gerencial-en-el-contexto-global\/\"},\"author\":{\"name\":\"Ren\u00e9 Aguirre, PhD\",\"@id\":\"https:\/\/reneaguirrephd.com\/es\/#\/schema\/person\/c152e72f8b632e25cc4213a2639a52ba\"},\"headline\":\"Perspectivas de la econom\u00eda gerencial en el contexto global\",\"datePublished\":\"2018-09-05T14:00:57+00:00\",\"dateModified\":\"2022-05-27T01:13:11+00:00\",\"mainEntityOfPage\":{\"@id\":\"https:\/\/reneaguirrephd.com\/es\/2018\/09\/05\/perspectivas-de-la-economia-gerencial-en-el-contexto-global\/\"},\"wordCount\":179,\"commentCount\":0,\"publisher\":{\"@id\":\"https:\/\/reneaguirrephd.com\/es\/#organization\"},\"image\":{\"@id\":\"https:\/\/reneaguirrephd.com\/es\/2018\/09\/05\/perspectivas-de-la-economia-gerencial-en-el-contexto-global\/#primaryimage\"},\"thumbnailUrl\":\"https:\/\/reneaguirrephd.com\/es\/wp-content\/uploads\/2022\/05\/cover_issue_2_en_US.jpg\",\"articleSection\":[\"Art\u00edculos Cient\u00edficos\"],\"inLanguage\":\"es\",\"potentialAction\":[{\"@type\":\"CommentAction\",\"name\":\"Comment\",\"target\":[\"https:\/\/reneaguirrephd.com\/es\/2018\/09\/05\/perspectivas-de-la-economia-gerencial-en-el-contexto-global\/#respond\"]}]},{\"@type\":\"WebPage\",\"@id\":\"https:\/\/reneaguirrephd.com\/es\/2018\/09\/05\/perspectivas-de-la-economia-gerencial-en-el-contexto-global\/\",\"url\":\"https:\/\/reneaguirrephd.com\/es\/2018\/09\/05\/perspectivas-de-la-economia-gerencial-en-el-contexto-global\/\",\"name\":\"Perspectivas de la econom\u00eda gerencial en el contexto global - Rene Aguirre, PhD\",\"isPartOf\":{\"@id\":\"https:\/\/reneaguirrephd.com\/es\/#website\"},\"primaryImageOfPage\":{\"@id\":\"https:\/\/reneaguirrephd.com\/es\/2018\/09\/05\/perspectivas-de-la-economia-gerencial-en-el-contexto-global\/#primaryimage\"},\"image\":{\"@id\":\"https:\/\/reneaguirrephd.com\/es\/2018\/09\/05\/perspectivas-de-la-economia-gerencial-en-el-contexto-global\/#primaryimage\"},\"thumbnailUrl\":\"https:\/\/reneaguirrephd.com\/es\/wp-content\/uploads\/2022\/05\/cover_issue_2_en_US.jpg\",\"datePublished\":\"2018-09-05T14:00:57+00:00\",\"dateModified\":\"2022-05-27T01:13:11+00:00\",\"breadcrumb\":{\"@id\":\"https:\/\/reneaguirrephd.com\/es\/2018\/09\/05\/perspectivas-de-la-economia-gerencial-en-el-contexto-global\/#breadcrumb\"},\"inLanguage\":\"es\",\"potentialAction\":[{\"@type\":\"ReadAction\",\"target\":[\"https:\/\/reneaguirrephd.com\/es\/2018\/09\/05\/perspectivas-de-la-economia-gerencial-en-el-contexto-global\/\"]}]},{\"@type\":\"ImageObject\",\"inLanguage\":\"es\",\"@id\":\"https:\/\/reneaguirrephd.com\/es\/2018\/09\/05\/perspectivas-de-la-economia-gerencial-en-el-contexto-global\/#primaryimage\",\"url\":\"https:\/\/reneaguirrephd.com\/es\/wp-content\/uploads\/2022\/05\/cover_issue_2_en_US.jpg\",\"contentUrl\":\"https:\/\/reneaguirrephd.com\/es\/wp-content\/uploads\/2022\/05\/cover_issue_2_en_US.jpg\",\"width\":1296,\"height\":1709},{\"@type\":\"BreadcrumbList\",\"@id\":\"https:\/\/reneaguirrephd.com\/es\/2018\/09\/05\/perspectivas-de-la-economia-gerencial-en-el-contexto-global\/#breadcrumb\",\"itemListElement\":[{\"@type\":\"ListItem\",\"position\":1,\"name\":\"Portada\",\"item\":\"https:\/\/reneaguirrephd.com\/es\/\"},{\"@type\":\"ListItem\",\"position\":2,\"name\":\"Perspectivas de la econom\u00eda gerencial en el contexto global\"}]},{\"@type\":\"WebSite\",\"@id\":\"https:\/\/reneaguirrephd.com\/es\/#website\",\"url\":\"https:\/\/reneaguirrephd.com\/es\/\",\"name\":\"Rene Aguirre, PhD\",\"description\":\"\",\"publisher\":{\"@id\":\"https:\/\/reneaguirrephd.com\/es\/#organization\"},\"potentialAction\":[{\"@type\":\"SearchAction\",\"target\":{\"@type\":\"EntryPoint\",\"urlTemplate\":\"https:\/\/reneaguirrephd.com\/es\/?s={search_term_string}\"},\"query-input\":{\"@type\":\"PropertyValueSpecification\",\"valueRequired\":true,\"valueName\":\"search_term_string\"}}],\"inLanguage\":\"es\"},{\"@type\":\"Organization\",\"@id\":\"https:\/\/reneaguirrephd.com\/es\/#organization\",\"name\":\"Rene Aguirre, PhD\",\"url\":\"https:\/\/reneaguirrephd.com\/es\/\",\"logo\":{\"@type\":\"ImageObject\",\"inLanguage\":\"es\",\"@id\":\"https:\/\/reneaguirrephd.com\/es\/#\/schema\/logo\/image\/\",\"url\":\"https:\/\/reneaguirrephd.com\/es\/wp-content\/uploads\/2022\/01\/logo.png\",\"contentUrl\":\"https:\/\/reneaguirrephd.com\/es\/wp-content\/uploads\/2022\/01\/logo.png\",\"width\":180,\"height\":172,\"caption\":\"Rene Aguirre, PhD\"},\"image\":{\"@id\":\"https:\/\/reneaguirrephd.com\/es\/#\/schema\/logo\/image\/\"}},{\"@type\":\"Person\",\"@id\":\"https:\/\/reneaguirrephd.com\/es\/#\/schema\/person\/c152e72f8b632e25cc4213a2639a52ba\",\"name\":\"Ren\u00e9 Aguirre, PhD\",\"image\":{\"@type\":\"ImageObject\",\"inLanguage\":\"es\",\"@id\":\"https:\/\/reneaguirrephd.com\/es\/#\/schema\/person\/image\/\",\"url\":\"https:\/\/secure.gravatar.com\/avatar\/b9eb26e4a29c146eaa6ee20087a0f855bab1b327daeedcdad012600256bcfae3?s=96&d=mm&r=g\",\"contentUrl\":\"https:\/\/secure.gravatar.com\/avatar\/b9eb26e4a29c146eaa6ee20087a0f855bab1b327daeedcdad012600256bcfae3?s=96&d=mm&r=g\",\"caption\":\"Ren\u00e9 Aguirre, PhD\"},\"sameAs\":[\"https:\/\/reneaguirrephd.com\/es\"],\"url\":\"https:\/\/reneaguirrephd.com\/es\/author\/admin\/\"}]}<\/script>\n<!-- \/ Yoast SEO Premium plugin. -->","yoast_head_json":{"title":"Perspectivas de la econom\u00eda gerencial en el contexto global - Rene Aguirre, PhD","robots":{"index":"index","follow":"follow","max-snippet":"max-snippet:-1","max-image-preview":"max-image-preview:large","max-video-preview":"max-video-preview:-1"},"canonical":"https:\/\/reneaguirrephd.com\/es\/2018\/09\/05\/perspectivas-de-la-economia-gerencial-en-el-contexto-global\/","og_locale":"es_ES","og_type":"article","og_title":"Perspectivas de la econom\u00eda gerencial en el contexto global","og_description":"Perspectivas de la econom\u00eda gerencial en el contexto global El art\u00edculo tiene como prop\u00f3sito examinar a trav\u00e9s de un an\u00e1lisis las perspectivas de la econom\u00eda gerencial en el contexto global, con este fin se desarrolla una investigaci\u00f3n documental, guiada por un dise\u00f1o bibliogr\u00e1fico, formalizando la b\u00fasqueda de informaci\u00f3n en consultas a fuentes te\u00f3ricas, tales como [&hellip;]","og_url":"https:\/\/reneaguirrephd.com\/es\/2018\/09\/05\/perspectivas-de-la-economia-gerencial-en-el-contexto-global\/","og_site_name":"Rene Aguirre, PhD","article_published_time":"2018-09-05T14:00:57+00:00","article_modified_time":"2022-05-27T01:13:11+00:00","og_image":[{"width":1296,"height":1709,"url":"https:\/\/reneaguirrephd.com\/es\/wp-content\/uploads\/2022\/05\/cover_issue_2_en_US.jpg","type":"image\/jpeg"}],"author":"Ren\u00e9 Aguirre, PhD","twitter_card":"summary_large_image","twitter_misc":{"Escrito por":"Ren\u00e9 Aguirre, PhD","Tiempo estimado de lectura":"1 minuto"},"schema":{"@context":"https:\/\/schema.org","@graph":[{"@type":"Article","@id":"https:\/\/reneaguirrephd.com\/es\/2018\/09\/05\/perspectivas-de-la-economia-gerencial-en-el-contexto-global\/#article","isPartOf":{"@id":"https:\/\/reneaguirrephd.com\/es\/2018\/09\/05\/perspectivas-de-la-economia-gerencial-en-el-contexto-global\/"},"author":{"name":"Ren\u00e9 Aguirre, PhD","@id":"https:\/\/reneaguirrephd.com\/es\/#\/schema\/person\/c152e72f8b632e25cc4213a2639a52ba"},"headline":"Perspectivas de la econom\u00eda gerencial en el contexto global","datePublished":"2018-09-05T14:00:57+00:00","dateModified":"2022-05-27T01:13:11+00:00","mainEntityOfPage":{"@id":"https:\/\/reneaguirrephd.com\/es\/2018\/09\/05\/perspectivas-de-la-economia-gerencial-en-el-contexto-global\/"},"wordCount":179,"commentCount":0,"publisher":{"@id":"https:\/\/reneaguirrephd.com\/es\/#organization"},"image":{"@id":"https:\/\/reneaguirrephd.com\/es\/2018\/09\/05\/perspectivas-de-la-economia-gerencial-en-el-contexto-global\/#primaryimage"},"thumbnailUrl":"https:\/\/reneaguirrephd.com\/es\/wp-content\/uploads\/2022\/05\/cover_issue_2_en_US.jpg","articleSection":["Art\u00edculos Cient\u00edficos"],"inLanguage":"es","potentialAction":[{"@type":"CommentAction","name":"Comment","target":["https:\/\/reneaguirrephd.com\/es\/2018\/09\/05\/perspectivas-de-la-economia-gerencial-en-el-contexto-global\/#respond"]}]},{"@type":"WebPage","@id":"https:\/\/reneaguirrephd.com\/es\/2018\/09\/05\/perspectivas-de-la-economia-gerencial-en-el-contexto-global\/","url":"https:\/\/reneaguirrephd.com\/es\/2018\/09\/05\/perspectivas-de-la-economia-gerencial-en-el-contexto-global\/","name":"Perspectivas de la econom\u00eda gerencial en el contexto global - Rene Aguirre, PhD","isPartOf":{"@id":"https:\/\/reneaguirrephd.com\/es\/#website"},"primaryImageOfPage":{"@id":"https:\/\/reneaguirrephd.com\/es\/2018\/09\/05\/perspectivas-de-la-economia-gerencial-en-el-contexto-global\/#primaryimage"},"image":{"@id":"https:\/\/reneaguirrephd.com\/es\/2018\/09\/05\/perspectivas-de-la-economia-gerencial-en-el-contexto-global\/#primaryimage"},"thumbnailUrl":"https:\/\/reneaguirrephd.com\/es\/wp-content\/uploads\/2022\/05\/cover_issue_2_en_US.jpg","datePublished":"2018-09-05T14:00:57+00:00","dateModified":"2022-05-27T01:13:11+00:00","breadcrumb":{"@id":"https:\/\/reneaguirrephd.com\/es\/2018\/09\/05\/perspectivas-de-la-economia-gerencial-en-el-contexto-global\/#breadcrumb"},"inLanguage":"es","potentialAction":[{"@type":"ReadAction","target":["https:\/\/reneaguirrephd.com\/es\/2018\/09\/05\/perspectivas-de-la-economia-gerencial-en-el-contexto-global\/"]}]},{"@type":"ImageObject","inLanguage":"es","@id":"https:\/\/reneaguirrephd.com\/es\/2018\/09\/05\/perspectivas-de-la-economia-gerencial-en-el-contexto-global\/#primaryimage","url":"https:\/\/reneaguirrephd.com\/es\/wp-content\/uploads\/2022\/05\/cover_issue_2_en_US.jpg","contentUrl":"https:\/\/reneaguirrephd.com\/es\/wp-content\/uploads\/2022\/05\/cover_issue_2_en_US.jpg","width":1296,"height":1709},{"@type":"BreadcrumbList","@id":"https:\/\/reneaguirrephd.com\/es\/2018\/09\/05\/perspectivas-de-la-economia-gerencial-en-el-contexto-global\/#breadcrumb","itemListElement":[{"@type":"ListItem","position":1,"name":"Portada","item":"https:\/\/reneaguirrephd.com\/es\/"},{"@type":"ListItem","position":2,"name":"Perspectivas de la econom\u00eda gerencial en el contexto global"}]},{"@type":"WebSite","@id":"https:\/\/reneaguirrephd.com\/es\/#website","url":"https:\/\/reneaguirrephd.com\/es\/","name":"Rene Aguirre, PhD","description":"","publisher":{"@id":"https:\/\/reneaguirrephd.com\/es\/#organization"},"potentialAction":[{"@type":"SearchAction","target":{"@type":"EntryPoint","urlTemplate":"https:\/\/reneaguirrephd.com\/es\/?s={search_term_string}"},"query-input":{"@type":"PropertyValueSpecification","valueRequired":true,"valueName":"search_term_string"}}],"inLanguage":"es"},{"@type":"Organization","@id":"https:\/\/reneaguirrephd.com\/es\/#organization","name":"Rene Aguirre, PhD","url":"https:\/\/reneaguirrephd.com\/es\/","logo":{"@type":"ImageObject","inLanguage":"es","@id":"https:\/\/reneaguirrephd.com\/es\/#\/schema\/logo\/image\/","url":"https:\/\/reneaguirrephd.com\/es\/wp-content\/uploads\/2022\/01\/logo.png","contentUrl":"https:\/\/reneaguirrephd.com\/es\/wp-content\/uploads\/2022\/01\/logo.png","width":180,"height":172,"caption":"Rene Aguirre, PhD"},"image":{"@id":"https:\/\/reneaguirrephd.com\/es\/#\/schema\/logo\/image\/"}},{"@type":"Person","@id":"https:\/\/reneaguirrephd.com\/es\/#\/schema\/person\/c152e72f8b632e25cc4213a2639a52ba","name":"Ren\u00e9 Aguirre, PhD","image":{"@type":"ImageObject","inLanguage":"es","@id":"https:\/\/reneaguirrephd.com\/es\/#\/schema\/person\/image\/","url":"https:\/\/secure.gravatar.com\/avatar\/b9eb26e4a29c146eaa6ee20087a0f855bab1b327daeedcdad012600256bcfae3?s=96&d=mm&r=g","contentUrl":"https:\/\/secure.gravatar.com\/avatar\/b9eb26e4a29c146eaa6ee20087a0f855bab1b327daeedcdad012600256bcfae3?s=96&d=mm&r=g","caption":"Ren\u00e9 Aguirre, PhD"},"sameAs":["https:\/\/reneaguirrephd.com\/es"],"url":"https:\/\/reneaguirrephd.com\/es\/author\/admin\/"}]}},"_links":{"self":[{"href":"https:\/\/reneaguirrephd.com\/es\/wp-json\/wp\/v2\/posts\/1378","targetHints":{"allow":["GET"]}}],"collection":[{"href":"https:\/\/reneaguirrephd.com\/es\/wp-json\/wp\/v2\/posts"}],"about":[{"href":"https:\/\/reneaguirrephd.com\/es\/wp-json\/wp\/v2\/types\/post"}],"author":[{"embeddable":true,"href":"https:\/\/reneaguirrephd.com\/es\/wp-json\/wp\/v2\/users\/1"}],"replies":[{"embeddable":true,"href":"https:\/\/reneaguirrephd.com\/es\/wp-json\/wp\/v2\/comments?post=1378"}],"version-history":[{"count":4,"href":"https:\/\/reneaguirrephd.com\/es\/wp-json\/wp\/v2\/posts\/1378\/revisions"}],"predecessor-version":[{"id":1383,"href":"https:\/\/reneaguirrephd.com\/es\/wp-json\/wp\/v2\/posts\/1378\/revisions\/1383"}],"wp:featuredmedia":[{"embeddable":true,"href":"https:\/\/reneaguirrephd.com\/es\/wp-json\/wp\/v2\/media\/1379"}],"wp:attachment":[{"href":"https:\/\/reneaguirrephd.com\/es\/wp-json\/wp\/v2\/media?parent=1378"}],"wp:term":[{"taxonomy":"category","embeddable":true,"href":"https:\/\/reneaguirrephd.com\/es\/wp-json\/wp\/v2\/categories?post=1378"},{"taxonomy":"post_tag","embeddable":true,"href":"https:\/\/reneaguirrephd.com\/es\/wp-json\/wp\/v2\/tags?post=1378"}],"curies":[{"name":"wp","href":"https:\/\/api.w.org\/{rel}","templated":true}]}}