{"id":1291,"date":"2016-06-03T10:00:11","date_gmt":"2016-06-03T14:00:11","guid":{"rendered":"https:\/\/reneaguirrephd.com\/es\/?p=1291"},"modified":"2022-05-26T21:09:16","modified_gmt":"2022-05-27T01:09:16","slug":"comprension-lectora-en-estudiantes-de-postgrado-mediada-por-ambientes-virtuales-de-aprendizaje","status":"publish","type":"post","link":"https:\/\/reneaguirrephd.com\/es\/2016\/06\/03\/comprension-lectora-en-estudiantes-de-postgrado-mediada-por-ambientes-virtuales-de-aprendizaje\/","title":{"rendered":"Comprensi\u00f3n lectora en estudiantes de postgrado mediada por ambientes virtuales de aprendizaje"},"content":{"rendered":"\t\t<div data-elementor-type=\"wp-post\" data-elementor-id=\"1291\" class=\"elementor elementor-1291\">\n\t\t\t\t\t\t<section class=\"elementor-section elementor-top-section elementor-element elementor-element-fa77a96 elementor-section-boxed elementor-section-height-default elementor-section-height-default\" data-id=\"fa77a96\" data-element_type=\"section\">\n\t\t\t\t\t\t<div class=\"elementor-container elementor-column-gap-default\">\n\t\t\t\t\t<div class=\"elementor-column elementor-col-100 elementor-top-column elementor-element elementor-element-c512616\" data-id=\"c512616\" data-element_type=\"column\">\n\t\t\t<div class=\"elementor-widget-wrap elementor-element-populated\">\n\t\t\t\t\t\t<div class=\"elementor-element elementor-element-ae366c7 elementor-widget elementor-widget-heading\" data-id=\"ae366c7\" data-element_type=\"widget\" data-widget_type=\"heading.default\">\n\t\t\t\t<div class=\"elementor-widget-container\">\n\t\t\t\t\t<h3 class=\"elementor-heading-title elementor-size-default\">Comprensi\u00f3n lectora en estudiantes de postgrado mediada por ambientes virtuales de aprendizaje<\/h3>\t\t\t\t<\/div>\n\t\t\t\t<\/div>\n\t\t\t\t\t<\/div>\n\t\t<\/div>\n\t\t\t\t\t<\/div>\n\t\t<\/section>\n\t\t\t\t<section class=\"elementor-section elementor-top-section elementor-element elementor-element-592e0ae elementor-section-boxed elementor-section-height-default elementor-section-height-default\" data-id=\"592e0ae\" data-element_type=\"section\">\n\t\t\t\t\t\t<div class=\"elementor-container elementor-column-gap-default\">\n\t\t\t\t\t<div class=\"elementor-column elementor-col-100 elementor-top-column elementor-element elementor-element-75bfbbf\" data-id=\"75bfbbf\" data-element_type=\"column\">\n\t\t\t<div class=\"elementor-widget-wrap elementor-element-populated\">\n\t\t\t\t\t\t<section class=\"elementor-section elementor-inner-section elementor-element elementor-element-395d51b elementor-section-boxed elementor-section-height-default elementor-section-height-default\" data-id=\"395d51b\" data-element_type=\"section\">\n\t\t\t\t\t\t<div class=\"elementor-container elementor-column-gap-default\">\n\t\t\t\t\t<div class=\"elementor-column elementor-col-50 elementor-inner-column elementor-element elementor-element-c942a31\" data-id=\"c942a31\" data-element_type=\"column\">\n\t\t\t<div class=\"elementor-widget-wrap elementor-element-populated\">\n\t\t\t\t\t\t<div class=\"elementor-element elementor-element-403c460 elementor-widget elementor-widget-image\" data-id=\"403c460\" data-element_type=\"widget\" data-widget_type=\"image.default\">\n\t\t\t\t<div class=\"elementor-widget-container\">\n\t\t\t\t\t\t\t\t\t\t\t\t\t\t\t<img fetchpriority=\"high\" decoding=\"async\" width=\"450\" height=\"629\" src=\"https:\/\/reneaguirrephd.com\/es\/wp-content\/uploads\/2022\/05\/cover_issue_238_es_ES.jpg\" class=\"attachment-large size-large wp-image-1293\" alt=\"\" srcset=\"https:\/\/reneaguirrephd.com\/es\/wp-content\/uploads\/2022\/05\/cover_issue_238_es_ES.jpg 450w, https:\/\/reneaguirrephd.com\/es\/wp-content\/uploads\/2022\/05\/cover_issue_238_es_ES-215x300.jpg 215w\" sizes=\"(max-width: 450px) 100vw, 450px\" \/>\t\t\t\t\t\t\t\t\t\t\t\t\t\t\t<\/div>\n\t\t\t\t<\/div>\n\t\t\t\t\t<\/div>\n\t\t<\/div>\n\t\t\t\t<div class=\"elementor-column elementor-col-50 elementor-inner-column elementor-element elementor-element-2ea4ac6\" data-id=\"2ea4ac6\" data-element_type=\"column\">\n\t\t\t<div class=\"elementor-widget-wrap elementor-element-populated\">\n\t\t\t\t\t\t<div class=\"elementor-element elementor-element-46f5c92 elementor-widget elementor-widget-text-editor\" data-id=\"46f5c92\" data-element_type=\"widget\" data-widget_type=\"text-editor.default\">\n\t\t\t\t<div class=\"elementor-widget-container\">\n\t\t\t\t\t\t\t\t\t<p>El art\u00edculo tuvo como prop\u00f3sito realizar un an\u00e1lisis argumentativo sobre la comprensi\u00f3n lectora en estudiantes de postgrado mediada por ambientes virtuales de aprendizaje. A trav\u00e9s de una revisi\u00f3n documental con un dise\u00f1o bibliogr\u00e1fico seg\u00fan Catal\u00e1 (2007), Organizaci\u00f3n para la Cooperaci\u00f3n y el Desarrollo Econ\u00f3mico (OCDE) (2009), Estrada (2013), Pe\u00f1a (2007), Cebrerios (2011), Bernal (2006), entre otros. Es posible afirmar que el tema de la comprensi\u00f3n lectora es uno de los t\u00f3picos que m\u00e1s ha preocupado en los \u00faltimos a\u00f1os a los docentes. Su estudio es complejo por los innumerables factores que influyen en este proceso, tanto culturales, sociales como psicol\u00f3gicos. Aun cuando se han realizado esfuerzos para buscar la manera de mejorar este aspecto tan relevante del proceso ense\u00f1anza aprendizaje, a trav\u00e9s de talleres, cursos, charlas, dotaci\u00f3n de material, investigaci\u00f3n, el problema persiste. Como complemento de lo expuesto llama la atenci\u00f3n que el uso de las tecnolog\u00edas en las aulas de clase se ha ido implementando gradualmente, siendo en la actualidad herramientas con habitual presencia en la educaci\u00f3n, originando una interrogante en virtud de lo anteriormente expuesto, donde se manifiestan los problemas o dificultades de comprensi\u00f3n lectora. A tal efecto, se trata de una combinaci\u00f3n de recursos, interactividad, apoyo, adem\u00e1s de actividades de aprendizaje estructuradas, por esto es necesario conocer las posibilidades y limitaciones que la plataforma virtual ofrece, agrupando las partes m\u00e1s importantes de los sistemas de gesti\u00f3n para su aplicabilidad. A partir del an\u00e1lisis argumentativo se concluye que los entornos virtuales de aprendizaje se han convertido en la principal herramienta de la educaci\u00f3n a distancia, donde intervienen mediadores que pueden limitar o admitir cierta interacci\u00f3n que permitir\u00e1 la construcci\u00f3n de significados como base de una actividad colaborativa.<\/p>\t\t\t\t\t\t\t\t<\/div>\n\t\t\t\t<\/div>\n\t\t\t\t\t<\/div>\n\t\t<\/div>\n\t\t\t\t\t<\/div>\n\t\t<\/section>\n\t\t\t\t\t<\/div>\n\t\t<\/div>\n\t\t\t\t\t<\/div>\n\t\t<\/section>\n\t\t\t\t<section class=\"elementor-section elementor-top-section elementor-element elementor-element-a643fad elementor-section-boxed elementor-section-height-default elementor-section-height-default\" data-id=\"a643fad\" data-element_type=\"section\">\n\t\t\t\t\t\t<div class=\"elementor-container elementor-column-gap-default\">\n\t\t\t\t\t<div class=\"elementor-column elementor-col-100 elementor-top-column elementor-element elementor-element-f71beef\" data-id=\"f71beef\" data-element_type=\"column\">\n\t\t\t<div class=\"elementor-widget-wrap elementor-element-populated\">\n\t\t\t\t\t\t<div class=\"elementor-element elementor-element-752249f elementor-align-center elementor-widget elementor-widget-button\" data-id=\"752249f\" data-element_type=\"widget\" data-widget_type=\"button.default\">\n\t\t\t\t<div class=\"elementor-widget-container\">\n\t\t\t\t\t\t\t\t\t<div class=\"elementor-button-wrapper\">\n\t\t\t\t\t<a class=\"elementor-button elementor-button-link elementor-size-lg\" href=\"http:\/\/ojs.urbe.edu\/index.php\/redhecs\/article\/view\/2535\">\n\t\t\t\t\t\t<span class=\"elementor-button-content-wrapper\">\n\t\t\t\t\t\t\t\t\t<span class=\"elementor-button-text\">Leer M\u00e1s<\/span>\n\t\t\t\t\t<\/span>\n\t\t\t\t\t<\/a>\n\t\t\t\t<\/div>\n\t\t\t\t\t\t\t\t<\/div>\n\t\t\t\t<\/div>\n\t\t\t\t\t<\/div>\n\t\t<\/div>\n\t\t\t\t\t<\/div>\n\t\t<\/section>\n\t\t\t\t<\/div>\n\t\t","protected":false},"excerpt":{"rendered":"<p>Comprensi\u00f3n lectora en estudiantes de postgrado mediada por ambientes virtuales de aprendizaje El art\u00edculo tuvo como prop\u00f3sito realizar un an\u00e1lisis argumentativo sobre la comprensi\u00f3n lectora en estudiantes de postgrado mediada por ambientes virtuales de aprendizaje. A trav\u00e9s de una revisi\u00f3n documental con un dise\u00f1o bibliogr\u00e1fico seg\u00fan Catal\u00e1 (2007), Organizaci\u00f3n para la Cooperaci\u00f3n y el Desarrollo [&hellip;]<\/p>\n","protected":false},"author":1,"featured_media":1293,"comment_status":"open","ping_status":"open","sticky":false,"template":"","format":"standard","meta":{"footnotes":""},"categories":[2],"tags":[],"class_list":["post-1291","post","type-post","status-publish","format-standard","has-post-thumbnail","hentry","category-articulos-cientificos"],"yoast_head":"<!-- This site is optimized with the Yoast SEO Premium plugin v20.6 (Yoast SEO v25.6) - https:\/\/yoast.com\/wordpress\/plugins\/seo\/ -->\n<title>Comprensi\u00f3n lectora en estudiantes de postgrado mediada por ambientes virtuales de aprendizaje - Rene Aguirre, PhD<\/title>\n<meta name=\"robots\" content=\"index, follow, max-snippet:-1, max-image-preview:large, max-video-preview:-1\" \/>\n<link rel=\"canonical\" href=\"https:\/\/reneaguirrephd.com\/es\/2016\/06\/03\/comprension-lectora-en-estudiantes-de-postgrado-mediada-por-ambientes-virtuales-de-aprendizaje\/\" \/>\n<meta property=\"og:locale\" content=\"es_ES\" \/>\n<meta property=\"og:type\" content=\"article\" \/>\n<meta property=\"og:title\" content=\"Comprensi\u00f3n lectora en estudiantes de postgrado mediada por ambientes virtuales de aprendizaje\" \/>\n<meta property=\"og:description\" content=\"Comprensi\u00f3n lectora en estudiantes de postgrado mediada por ambientes virtuales de aprendizaje El art\u00edculo tuvo como prop\u00f3sito realizar un an\u00e1lisis argumentativo sobre la comprensi\u00f3n lectora en estudiantes de postgrado mediada por ambientes virtuales de aprendizaje. A trav\u00e9s de una revisi\u00f3n documental con un dise\u00f1o bibliogr\u00e1fico seg\u00fan Catal\u00e1 (2007), Organizaci\u00f3n para la Cooperaci\u00f3n y el Desarrollo [&hellip;]\" \/>\n<meta property=\"og:url\" content=\"https:\/\/reneaguirrephd.com\/es\/2016\/06\/03\/comprension-lectora-en-estudiantes-de-postgrado-mediada-por-ambientes-virtuales-de-aprendizaje\/\" \/>\n<meta property=\"og:site_name\" content=\"Rene Aguirre, PhD\" \/>\n<meta property=\"article:published_time\" content=\"2016-06-03T14:00:11+00:00\" \/>\n<meta property=\"article:modified_time\" content=\"2022-05-27T01:09:16+00:00\" \/>\n<meta property=\"og:image\" content=\"https:\/\/reneaguirrephd.com\/es\/wp-content\/uploads\/2022\/05\/cover_issue_238_es_ES.jpg\" \/>\n\t<meta property=\"og:image:width\" content=\"450\" \/>\n\t<meta property=\"og:image:height\" content=\"629\" \/>\n\t<meta property=\"og:image:type\" content=\"image\/jpeg\" \/>\n<meta name=\"author\" content=\"Ren\u00e9 Aguirre, PhD\" \/>\n<meta name=\"twitter:card\" content=\"summary_large_image\" \/>\n<meta name=\"twitter:label1\" content=\"Escrito por\" \/>\n\t<meta name=\"twitter:data1\" content=\"Ren\u00e9 Aguirre, PhD\" \/>\n\t<meta name=\"twitter:label2\" content=\"Tiempo estimado de lectura\" \/>\n\t<meta name=\"twitter:data2\" content=\"2 minutos\" \/>\n<script type=\"application\/ld+json\" class=\"yoast-schema-graph\">{\"@context\":\"https:\/\/schema.org\",\"@graph\":[{\"@type\":\"Article\",\"@id\":\"https:\/\/reneaguirrephd.com\/es\/2016\/06\/03\/comprension-lectora-en-estudiantes-de-postgrado-mediada-por-ambientes-virtuales-de-aprendizaje\/#article\",\"isPartOf\":{\"@id\":\"https:\/\/reneaguirrephd.com\/es\/2016\/06\/03\/comprension-lectora-en-estudiantes-de-postgrado-mediada-por-ambientes-virtuales-de-aprendizaje\/\"},\"author\":{\"name\":\"Ren\u00e9 Aguirre, PhD\",\"@id\":\"https:\/\/reneaguirrephd.com\/es\/#\/schema\/person\/c152e72f8b632e25cc4213a2639a52ba\"},\"headline\":\"Comprensi\u00f3n lectora en estudiantes de postgrado mediada por ambientes virtuales de aprendizaje\",\"datePublished\":\"2016-06-03T14:00:11+00:00\",\"dateModified\":\"2022-05-27T01:09:16+00:00\",\"mainEntityOfPage\":{\"@id\":\"https:\/\/reneaguirrephd.com\/es\/2016\/06\/03\/comprension-lectora-en-estudiantes-de-postgrado-mediada-por-ambientes-virtuales-de-aprendizaje\/\"},\"wordCount\":336,\"commentCount\":0,\"publisher\":{\"@id\":\"https:\/\/reneaguirrephd.com\/es\/#organization\"},\"image\":{\"@id\":\"https:\/\/reneaguirrephd.com\/es\/2016\/06\/03\/comprension-lectora-en-estudiantes-de-postgrado-mediada-por-ambientes-virtuales-de-aprendizaje\/#primaryimage\"},\"thumbnailUrl\":\"https:\/\/reneaguirrephd.com\/es\/wp-content\/uploads\/2022\/05\/cover_issue_238_es_ES.jpg\",\"articleSection\":[\"Art\u00edculos Cient\u00edficos\"],\"inLanguage\":\"es\",\"potentialAction\":[{\"@type\":\"CommentAction\",\"name\":\"Comment\",\"target\":[\"https:\/\/reneaguirrephd.com\/es\/2016\/06\/03\/comprension-lectora-en-estudiantes-de-postgrado-mediada-por-ambientes-virtuales-de-aprendizaje\/#respond\"]}]},{\"@type\":\"WebPage\",\"@id\":\"https:\/\/reneaguirrephd.com\/es\/2016\/06\/03\/comprension-lectora-en-estudiantes-de-postgrado-mediada-por-ambientes-virtuales-de-aprendizaje\/\",\"url\":\"https:\/\/reneaguirrephd.com\/es\/2016\/06\/03\/comprension-lectora-en-estudiantes-de-postgrado-mediada-por-ambientes-virtuales-de-aprendizaje\/\",\"name\":\"Comprensi\u00f3n lectora en estudiantes de postgrado mediada por ambientes virtuales de aprendizaje - Rene Aguirre, PhD\",\"isPartOf\":{\"@id\":\"https:\/\/reneaguirrephd.com\/es\/#website\"},\"primaryImageOfPage\":{\"@id\":\"https:\/\/reneaguirrephd.com\/es\/2016\/06\/03\/comprension-lectora-en-estudiantes-de-postgrado-mediada-por-ambientes-virtuales-de-aprendizaje\/#primaryimage\"},\"image\":{\"@id\":\"https:\/\/reneaguirrephd.com\/es\/2016\/06\/03\/comprension-lectora-en-estudiantes-de-postgrado-mediada-por-ambientes-virtuales-de-aprendizaje\/#primaryimage\"},\"thumbnailUrl\":\"https:\/\/reneaguirrephd.com\/es\/wp-content\/uploads\/2022\/05\/cover_issue_238_es_ES.jpg\",\"datePublished\":\"2016-06-03T14:00:11+00:00\",\"dateModified\":\"2022-05-27T01:09:16+00:00\",\"breadcrumb\":{\"@id\":\"https:\/\/reneaguirrephd.com\/es\/2016\/06\/03\/comprension-lectora-en-estudiantes-de-postgrado-mediada-por-ambientes-virtuales-de-aprendizaje\/#breadcrumb\"},\"inLanguage\":\"es\",\"potentialAction\":[{\"@type\":\"ReadAction\",\"target\":[\"https:\/\/reneaguirrephd.com\/es\/2016\/06\/03\/comprension-lectora-en-estudiantes-de-postgrado-mediada-por-ambientes-virtuales-de-aprendizaje\/\"]}]},{\"@type\":\"ImageObject\",\"inLanguage\":\"es\",\"@id\":\"https:\/\/reneaguirrephd.com\/es\/2016\/06\/03\/comprension-lectora-en-estudiantes-de-postgrado-mediada-por-ambientes-virtuales-de-aprendizaje\/#primaryimage\",\"url\":\"https:\/\/reneaguirrephd.com\/es\/wp-content\/uploads\/2022\/05\/cover_issue_238_es_ES.jpg\",\"contentUrl\":\"https:\/\/reneaguirrephd.com\/es\/wp-content\/uploads\/2022\/05\/cover_issue_238_es_ES.jpg\",\"width\":450,\"height\":629},{\"@type\":\"BreadcrumbList\",\"@id\":\"https:\/\/reneaguirrephd.com\/es\/2016\/06\/03\/comprension-lectora-en-estudiantes-de-postgrado-mediada-por-ambientes-virtuales-de-aprendizaje\/#breadcrumb\",\"itemListElement\":[{\"@type\":\"ListItem\",\"position\":1,\"name\":\"Portada\",\"item\":\"https:\/\/reneaguirrephd.com\/es\/\"},{\"@type\":\"ListItem\",\"position\":2,\"name\":\"Comprensi\u00f3n lectora en estudiantes de postgrado mediada por ambientes virtuales de aprendizaje\"}]},{\"@type\":\"WebSite\",\"@id\":\"https:\/\/reneaguirrephd.com\/es\/#website\",\"url\":\"https:\/\/reneaguirrephd.com\/es\/\",\"name\":\"Rene Aguirre, PhD\",\"description\":\"\",\"publisher\":{\"@id\":\"https:\/\/reneaguirrephd.com\/es\/#organization\"},\"potentialAction\":[{\"@type\":\"SearchAction\",\"target\":{\"@type\":\"EntryPoint\",\"urlTemplate\":\"https:\/\/reneaguirrephd.com\/es\/?s={search_term_string}\"},\"query-input\":{\"@type\":\"PropertyValueSpecification\",\"valueRequired\":true,\"valueName\":\"search_term_string\"}}],\"inLanguage\":\"es\"},{\"@type\":\"Organization\",\"@id\":\"https:\/\/reneaguirrephd.com\/es\/#organization\",\"name\":\"Rene Aguirre, PhD\",\"url\":\"https:\/\/reneaguirrephd.com\/es\/\",\"logo\":{\"@type\":\"ImageObject\",\"inLanguage\":\"es\",\"@id\":\"https:\/\/reneaguirrephd.com\/es\/#\/schema\/logo\/image\/\",\"url\":\"https:\/\/reneaguirrephd.com\/es\/wp-content\/uploads\/2022\/01\/logo.png\",\"contentUrl\":\"https:\/\/reneaguirrephd.com\/es\/wp-content\/uploads\/2022\/01\/logo.png\",\"width\":180,\"height\":172,\"caption\":\"Rene Aguirre, PhD\"},\"image\":{\"@id\":\"https:\/\/reneaguirrephd.com\/es\/#\/schema\/logo\/image\/\"}},{\"@type\":\"Person\",\"@id\":\"https:\/\/reneaguirrephd.com\/es\/#\/schema\/person\/c152e72f8b632e25cc4213a2639a52ba\",\"name\":\"Ren\u00e9 Aguirre, PhD\",\"image\":{\"@type\":\"ImageObject\",\"inLanguage\":\"es\",\"@id\":\"https:\/\/reneaguirrephd.com\/es\/#\/schema\/person\/image\/\",\"url\":\"https:\/\/secure.gravatar.com\/avatar\/b9eb26e4a29c146eaa6ee20087a0f855bab1b327daeedcdad012600256bcfae3?s=96&d=mm&r=g\",\"contentUrl\":\"https:\/\/secure.gravatar.com\/avatar\/b9eb26e4a29c146eaa6ee20087a0f855bab1b327daeedcdad012600256bcfae3?s=96&d=mm&r=g\",\"caption\":\"Ren\u00e9 Aguirre, PhD\"},\"sameAs\":[\"https:\/\/reneaguirrephd.com\/es\"],\"url\":\"https:\/\/reneaguirrephd.com\/es\/author\/admin\/\"}]}<\/script>\n<!-- \/ Yoast SEO Premium plugin. -->","yoast_head_json":{"title":"Comprensi\u00f3n lectora en estudiantes de postgrado mediada por ambientes virtuales de aprendizaje - Rene Aguirre, PhD","robots":{"index":"index","follow":"follow","max-snippet":"max-snippet:-1","max-image-preview":"max-image-preview:large","max-video-preview":"max-video-preview:-1"},"canonical":"https:\/\/reneaguirrephd.com\/es\/2016\/06\/03\/comprension-lectora-en-estudiantes-de-postgrado-mediada-por-ambientes-virtuales-de-aprendizaje\/","og_locale":"es_ES","og_type":"article","og_title":"Comprensi\u00f3n lectora en estudiantes de postgrado mediada por ambientes virtuales de aprendizaje","og_description":"Comprensi\u00f3n lectora en estudiantes de postgrado mediada por ambientes virtuales de aprendizaje El art\u00edculo tuvo como prop\u00f3sito realizar un an\u00e1lisis argumentativo sobre la comprensi\u00f3n lectora en estudiantes de postgrado mediada por ambientes virtuales de aprendizaje. A trav\u00e9s de una revisi\u00f3n documental con un dise\u00f1o bibliogr\u00e1fico seg\u00fan Catal\u00e1 (2007), Organizaci\u00f3n para la Cooperaci\u00f3n y el Desarrollo [&hellip;]","og_url":"https:\/\/reneaguirrephd.com\/es\/2016\/06\/03\/comprension-lectora-en-estudiantes-de-postgrado-mediada-por-ambientes-virtuales-de-aprendizaje\/","og_site_name":"Rene Aguirre, PhD","article_published_time":"2016-06-03T14:00:11+00:00","article_modified_time":"2022-05-27T01:09:16+00:00","og_image":[{"width":450,"height":629,"url":"https:\/\/reneaguirrephd.com\/es\/wp-content\/uploads\/2022\/05\/cover_issue_238_es_ES.jpg","type":"image\/jpeg"}],"author":"Ren\u00e9 Aguirre, PhD","twitter_card":"summary_large_image","twitter_misc":{"Escrito por":"Ren\u00e9 Aguirre, PhD","Tiempo estimado de lectura":"2 minutos"},"schema":{"@context":"https:\/\/schema.org","@graph":[{"@type":"Article","@id":"https:\/\/reneaguirrephd.com\/es\/2016\/06\/03\/comprension-lectora-en-estudiantes-de-postgrado-mediada-por-ambientes-virtuales-de-aprendizaje\/#article","isPartOf":{"@id":"https:\/\/reneaguirrephd.com\/es\/2016\/06\/03\/comprension-lectora-en-estudiantes-de-postgrado-mediada-por-ambientes-virtuales-de-aprendizaje\/"},"author":{"name":"Ren\u00e9 Aguirre, PhD","@id":"https:\/\/reneaguirrephd.com\/es\/#\/schema\/person\/c152e72f8b632e25cc4213a2639a52ba"},"headline":"Comprensi\u00f3n lectora en estudiantes de postgrado mediada por ambientes virtuales de aprendizaje","datePublished":"2016-06-03T14:00:11+00:00","dateModified":"2022-05-27T01:09:16+00:00","mainEntityOfPage":{"@id":"https:\/\/reneaguirrephd.com\/es\/2016\/06\/03\/comprension-lectora-en-estudiantes-de-postgrado-mediada-por-ambientes-virtuales-de-aprendizaje\/"},"wordCount":336,"commentCount":0,"publisher":{"@id":"https:\/\/reneaguirrephd.com\/es\/#organization"},"image":{"@id":"https:\/\/reneaguirrephd.com\/es\/2016\/06\/03\/comprension-lectora-en-estudiantes-de-postgrado-mediada-por-ambientes-virtuales-de-aprendizaje\/#primaryimage"},"thumbnailUrl":"https:\/\/reneaguirrephd.com\/es\/wp-content\/uploads\/2022\/05\/cover_issue_238_es_ES.jpg","articleSection":["Art\u00edculos Cient\u00edficos"],"inLanguage":"es","potentialAction":[{"@type":"CommentAction","name":"Comment","target":["https:\/\/reneaguirrephd.com\/es\/2016\/06\/03\/comprension-lectora-en-estudiantes-de-postgrado-mediada-por-ambientes-virtuales-de-aprendizaje\/#respond"]}]},{"@type":"WebPage","@id":"https:\/\/reneaguirrephd.com\/es\/2016\/06\/03\/comprension-lectora-en-estudiantes-de-postgrado-mediada-por-ambientes-virtuales-de-aprendizaje\/","url":"https:\/\/reneaguirrephd.com\/es\/2016\/06\/03\/comprension-lectora-en-estudiantes-de-postgrado-mediada-por-ambientes-virtuales-de-aprendizaje\/","name":"Comprensi\u00f3n lectora en estudiantes de postgrado mediada por ambientes virtuales de aprendizaje - Rene Aguirre, PhD","isPartOf":{"@id":"https:\/\/reneaguirrephd.com\/es\/#website"},"primaryImageOfPage":{"@id":"https:\/\/reneaguirrephd.com\/es\/2016\/06\/03\/comprension-lectora-en-estudiantes-de-postgrado-mediada-por-ambientes-virtuales-de-aprendizaje\/#primaryimage"},"image":{"@id":"https:\/\/reneaguirrephd.com\/es\/2016\/06\/03\/comprension-lectora-en-estudiantes-de-postgrado-mediada-por-ambientes-virtuales-de-aprendizaje\/#primaryimage"},"thumbnailUrl":"https:\/\/reneaguirrephd.com\/es\/wp-content\/uploads\/2022\/05\/cover_issue_238_es_ES.jpg","datePublished":"2016-06-03T14:00:11+00:00","dateModified":"2022-05-27T01:09:16+00:00","breadcrumb":{"@id":"https:\/\/reneaguirrephd.com\/es\/2016\/06\/03\/comprension-lectora-en-estudiantes-de-postgrado-mediada-por-ambientes-virtuales-de-aprendizaje\/#breadcrumb"},"inLanguage":"es","potentialAction":[{"@type":"ReadAction","target":["https:\/\/reneaguirrephd.com\/es\/2016\/06\/03\/comprension-lectora-en-estudiantes-de-postgrado-mediada-por-ambientes-virtuales-de-aprendizaje\/"]}]},{"@type":"ImageObject","inLanguage":"es","@id":"https:\/\/reneaguirrephd.com\/es\/2016\/06\/03\/comprension-lectora-en-estudiantes-de-postgrado-mediada-por-ambientes-virtuales-de-aprendizaje\/#primaryimage","url":"https:\/\/reneaguirrephd.com\/es\/wp-content\/uploads\/2022\/05\/cover_issue_238_es_ES.jpg","contentUrl":"https:\/\/reneaguirrephd.com\/es\/wp-content\/uploads\/2022\/05\/cover_issue_238_es_ES.jpg","width":450,"height":629},{"@type":"BreadcrumbList","@id":"https:\/\/reneaguirrephd.com\/es\/2016\/06\/03\/comprension-lectora-en-estudiantes-de-postgrado-mediada-por-ambientes-virtuales-de-aprendizaje\/#breadcrumb","itemListElement":[{"@type":"ListItem","position":1,"name":"Portada","item":"https:\/\/reneaguirrephd.com\/es\/"},{"@type":"ListItem","position":2,"name":"Comprensi\u00f3n lectora en estudiantes de postgrado mediada por ambientes virtuales de aprendizaje"}]},{"@type":"WebSite","@id":"https:\/\/reneaguirrephd.com\/es\/#website","url":"https:\/\/reneaguirrephd.com\/es\/","name":"Rene Aguirre, PhD","description":"","publisher":{"@id":"https:\/\/reneaguirrephd.com\/es\/#organization"},"potentialAction":[{"@type":"SearchAction","target":{"@type":"EntryPoint","urlTemplate":"https:\/\/reneaguirrephd.com\/es\/?s={search_term_string}"},"query-input":{"@type":"PropertyValueSpecification","valueRequired":true,"valueName":"search_term_string"}}],"inLanguage":"es"},{"@type":"Organization","@id":"https:\/\/reneaguirrephd.com\/es\/#organization","name":"Rene Aguirre, PhD","url":"https:\/\/reneaguirrephd.com\/es\/","logo":{"@type":"ImageObject","inLanguage":"es","@id":"https:\/\/reneaguirrephd.com\/es\/#\/schema\/logo\/image\/","url":"https:\/\/reneaguirrephd.com\/es\/wp-content\/uploads\/2022\/01\/logo.png","contentUrl":"https:\/\/reneaguirrephd.com\/es\/wp-content\/uploads\/2022\/01\/logo.png","width":180,"height":172,"caption":"Rene Aguirre, PhD"},"image":{"@id":"https:\/\/reneaguirrephd.com\/es\/#\/schema\/logo\/image\/"}},{"@type":"Person","@id":"https:\/\/reneaguirrephd.com\/es\/#\/schema\/person\/c152e72f8b632e25cc4213a2639a52ba","name":"Ren\u00e9 Aguirre, PhD","image":{"@type":"ImageObject","inLanguage":"es","@id":"https:\/\/reneaguirrephd.com\/es\/#\/schema\/person\/image\/","url":"https:\/\/secure.gravatar.com\/avatar\/b9eb26e4a29c146eaa6ee20087a0f855bab1b327daeedcdad012600256bcfae3?s=96&d=mm&r=g","contentUrl":"https:\/\/secure.gravatar.com\/avatar\/b9eb26e4a29c146eaa6ee20087a0f855bab1b327daeedcdad012600256bcfae3?s=96&d=mm&r=g","caption":"Ren\u00e9 Aguirre, PhD"},"sameAs":["https:\/\/reneaguirrephd.com\/es"],"url":"https:\/\/reneaguirrephd.com\/es\/author\/admin\/"}]}},"_links":{"self":[{"href":"https:\/\/reneaguirrephd.com\/es\/wp-json\/wp\/v2\/posts\/1291","targetHints":{"allow":["GET"]}}],"collection":[{"href":"https:\/\/reneaguirrephd.com\/es\/wp-json\/wp\/v2\/posts"}],"about":[{"href":"https:\/\/reneaguirrephd.com\/es\/wp-json\/wp\/v2\/types\/post"}],"author":[{"embeddable":true,"href":"https:\/\/reneaguirrephd.com\/es\/wp-json\/wp\/v2\/users\/1"}],"replies":[{"embeddable":true,"href":"https:\/\/reneaguirrephd.com\/es\/wp-json\/wp\/v2\/comments?post=1291"}],"version-history":[{"count":27,"href":"https:\/\/reneaguirrephd.com\/es\/wp-json\/wp\/v2\/posts\/1291\/revisions"}],"predecessor-version":[{"id":1377,"href":"https:\/\/reneaguirrephd.com\/es\/wp-json\/wp\/v2\/posts\/1291\/revisions\/1377"}],"wp:featuredmedia":[{"embeddable":true,"href":"https:\/\/reneaguirrephd.com\/es\/wp-json\/wp\/v2\/media\/1293"}],"wp:attachment":[{"href":"https:\/\/reneaguirrephd.com\/es\/wp-json\/wp\/v2\/media?parent=1291"}],"wp:term":[{"taxonomy":"category","embeddable":true,"href":"https:\/\/reneaguirrephd.com\/es\/wp-json\/wp\/v2\/categories?post=1291"},{"taxonomy":"post_tag","embeddable":true,"href":"https:\/\/reneaguirrephd.com\/es\/wp-json\/wp\/v2\/tags?post=1291"}],"curies":[{"name":"wp","href":"https:\/\/api.w.org\/{rel}","templated":true}]}}